{"id":2966,"date":"2025-09-03T07:51:00","date_gmt":"2025-09-03T07:51:00","guid":{"rendered":"https:\/\/agendaurbanacastello.es\/?p=2966"},"modified":"2025-09-04T08:39:51","modified_gmt":"2025-09-04T08:39:51","slug":"los-colegios-de-castellon-ejemplo-de-renaturalizacion-urbana","status":"publish","type":"post","link":"https:\/\/agendaurbanacastello.es\/va\/los-colegios-de-castellon-ejemplo-de-renaturalizacion-urbana\/","title":{"rendered":"Los colegios de Castell\u00f3n ejemplo de renaturalizaci\u00f3n urbana"},"content":{"rendered":"<h2>Carrasco presenta \u201cCastell\u00f3n, naturaleza en Red\u201d en la jornada de lanzamiento de nuevos proyectos para impulsar la renaturalizaci\u00f3n en las ciudades espa\u00f1olas<\/h2>\n\n\n\n<p>La alcaldesa de Castell\u00f3n, Bego\u00f1a Carrasco, ha participado hoy en Madrid en la jornada <a href=\"https:\/\/fundacion-biodiversidad.es\/event\/presentacion-de-los-nuevos-proyectos-para-impulsar-la-renaturalizacion-de-ciudades-espanolas\/\" target=\"_blank\" rel=\"noreferrer noopener\" title=\"\u201cNuevos proyectos para impulsar la renaturalizaci\u00f3n en las ciudades espa\u00f1ola\u201d\">\u201cNuevos proyectos para impulsar la renaturalizaci\u00f3n en las ciudades espa\u00f1ola\u201d<\/a>, organizada por la <a href=\"https:\/\/fundacion-biodiversidad.es\/\" target=\"_blank\" rel=\"noreferrer noopener\" title=\"Fundaci\u00f3n Biodiversidad\">Fundaci\u00f3n Biodiversidad<\/a> y que ha tenido lugar en la sede de la Fundaci\u00f3n Ortega-Mara\u00f1\u00f3n. Un acto en el que han estado presentes tambi\u00e9n diferentes alcaldes, alcaldesas de otras ciudades espa\u00f1olas y representantes de entidades p\u00fablicas. La jornada ha estado presidida por Sara Aagesen, vicepresidenta tercera del Gobierno y ministra para la <a href=\"https:\/\/www.miteco.gob.es\/es.html\" target=\"_blank\" rel=\"noreferrer noopener\" title=\"Transici\u00f3n Ecol\u00f3gica y el Reto Demogr\u00e1fico\">Transici\u00f3n Ecol\u00f3gica y el Reto Demogr\u00e1fico<\/a>.<\/p>\n\n\n\n<p>Bego\u00f1a Carrasco ha compartido ante el resto de participantes las \u00faltimas iniciativas en materia de renaturalizaci\u00f3n en la capital de la Plana y que van a permitir la creaci\u00f3n de nueva infraestructura verde y azul en la ciudad a trav\u00e9s del proyecto <strong>\u201cCastell\u00f3n, Naturaleza en Red\u201d<\/strong>, que incluye diferentes actuaciones en la ciudad y en la que el <a href=\"https:\/\/www.castello.es\/es\/\" target=\"_blank\" rel=\"noreferrer noopener\" title=\"Ayuntamiento de Castell\u00f3n\">Ayuntamiento de Castell\u00f3n<\/a> participa en colaboraci\u00f3n con la <a href=\"https:\/\/seo.org\/\" target=\"_blank\" rel=\"noreferrer noopener\" title=\"Sociedad Espa\u00f1ola de Ornitolog\u00eda SEO\/Birdlife\">Sociedad Espa\u00f1ola de Ornitolog\u00eda SEO\/Birdlife<\/a>.<\/p>\n\n\n\n<h3>Oasis clim\u00e1ticos en los colegios<\/h3>\n\n\n\n<p>La alcaldesa de Castell\u00f3n ha hecho especial hincapi\u00e9 en las actuaciones que se van a llevar a cabo en colegios y centros educativos de la ciudad.<\/p>\n\n\n\n<p>As\u00ed, Carrasco ha recordado que \u201cser\u00e1n casi una veintena los colegios de la ciudad los que se beneficiar\u00e1n de la creaci\u00f3n de una red de oasis clim\u00e1ticos gracias a la inversi\u00f3n de m\u00e1s de 1,8 millones de euros. De esta manera se van a introducir mejoras gracias a un plan de sombras con cubiertas y p\u00e9rgolas vegetales y jardines mediterr\u00e1neos\u201d.<\/p>\n\n\n\n<p>\u201cSe trata de acciones dise\u00f1adas para mejorar el aislamiento t\u00e9rmico de los colegios en los patios y generar m\u00e1s zonas de sombra donde poder jugar nuestros ni\u00f1os y ni\u00f1as, cambiando y transformando el hormig\u00f3n en zonas verdes. Esta red de oasis clim\u00e1ticos va a contribuir al bienestar de los colectivos mas sensibles por los efectos derivados de la emergencia clim\u00e1tica, en este caso poblaci\u00f3n infantil\u201d, ha resaltado.<\/p>\n\n\n\n<p>La alcaldesa tambi\u00e9n ha querido insistir en que \u201cestas actuaciones se llevar\u00e1n a cabo a trav\u00e9s de la participaci\u00f3n ciudadana, en coordinaci\u00f3n y permanente di\u00e1logo con las diferentes comunidades educativas y las AMPAS de cada uno de los centros. Un trabajo en coordinaci\u00f3n con el \u00e1rea de Educaci\u00f3n y la Oficina de Planificaci\u00f3n y Proyecci\u00f3n Econ\u00f3mica, que llevan m\u00e1s de un a\u00f1o trabajando en este proyecto\u201d.<\/p>\n\n\n\n<figure class=\"wp-block-image size-large\"><img loading=\"lazy\" width=\"1024\" height=\"768\" src=\"https:\/\/agendaurbanacastello.es\/wp-content\/uploads\/2025\/09\/Ponentes_Presentacion_Naturaleza_en_Red-1024x768.jpg\" alt=\"\" class=\"wp-image-2968\" srcset=\"https:\/\/agendaurbanacastello.es\/wp-content\/uploads\/2025\/09\/Ponentes_Presentacion_Naturaleza_en_Red-1024x768.jpg 1024w, https:\/\/agendaurbanacastello.es\/wp-content\/uploads\/2025\/09\/Ponentes_Presentacion_Naturaleza_en_Red-300x225.jpg 300w, https:\/\/agendaurbanacastello.es\/wp-content\/uploads\/2025\/09\/Ponentes_Presentacion_Naturaleza_en_Red-768x576.jpg 768w, https:\/\/agendaurbanacastello.es\/wp-content\/uploads\/2025\/09\/Ponentes_Presentacion_Naturaleza_en_Red-1536x1152.jpg 1536w, https:\/\/agendaurbanacastello.es\/wp-content\/uploads\/2025\/09\/Ponentes_Presentacion_Naturaleza_en_Red-16x12.jpg 16w, https:\/\/agendaurbanacastello.es\/wp-content\/uploads\/2025\/09\/Ponentes_Presentacion_Naturaleza_en_Red.jpg 1600w\" sizes=\"(max-width: 1024px) 100vw, 1024px\" \/><figcaption>Ponentes de la jornada de lanzamiento acompa\u00f1ados por la MinistraSara Aagesen<\/figcaption><\/figure>\n\n\n\n<h3>Otras actuaciones<\/h3>\n\n\n\n<p>En su exposici\u00f3n, Carrasco tambi\u00e9n ha compartido otras de las acciones que se realizar\u00e1n en la ciudad gracias al proyecto \u201cCastell\u00f3n, Naturaleza en Red\u201d. Este es el caso de \u201clas instalaci\u00f3n de cubiertas vegetales en lugares del casco urbano, en las calles o plazas m\u00e1s frecuentadas de nuestra ciudad, como las cubiertas de plaza Santa Clara, que va a permitir una reducci\u00f3n del efecto isla de calor en una de las zonas m\u00e1s transitadas de Castell\u00f3n, actuando sobre unos 750 m\u00b2 entre la cubierta en \u2018U\u2019 del centro de la plaza y la de la zona de las florister\u00edas\u201d.<\/p>\n\n\n\n<p>Tambi\u00e9n se actuar\u00e1 \u201cen la recuperaci\u00f3n ecol\u00f3gica de l\u00e1minas de agua y estanques en la ciudad, como en los del Parque Ribalta, Parque M\u00e9rida o el del Parque Ge\u00f3logo Royo. Aqu\u00ed se va a actuar con especies vegetales y animales aut\u00f3ctonas para mejorar el estado de estas zonas de agua y su biodiversidad\u201d.<\/p>\n\n\n\n<p>Finalmente, la primera edila se ha referido a la renaturalizaci\u00f3n de glorietas. \u201cSe va a mejorar su aspecto con la plantaci\u00f3n de \u00e1rboles y plantas aut\u00f3ctonas y mediterr\u00e1neas, a trav\u00e9s de peque\u00f1os bosques urbanos, que reducen el efecto isla de calor que confiere sobre todo el tr\u00e1fico rodado. En este caso ser\u00e1n las glorietas junto al Hospital General Universitario de Castell\u00f3n y la rotonda de acceso de la autov\u00eda CS-22, sobre la avenida del Serradal, las que se beneficiar\u00e1n de las mejoras\u201d.<\/p>\n\n\n\n<blockquote class=\"wp-block-quote\"><p>Castell\u00f3n Naturaleza en Red es la apuesta por una ciudad m\u00e1s verde, m\u00e1s sostenible, paseable y accesible. Por un Castell\u00f3n con m\u00e1s biodiversidad, m\u00e1s calidad de vida para todos nuestros vecinos y vecinas. <\/p><cite>Bego\u00f1a Carrasco, alcaldesa de Castell\u00f3n de la Plana <\/cite><\/blockquote>\n\n\n\n<h3>Castell\u00f3n ejemplo a nivel nacional<\/h3>\n\n\n\n<p>Carrasco ha mostrado tambi\u00e9n su satisfacci\u00f3n \u201cporque nuestra ciudad haya sido seleccionada a nivel nacional como ejemplo de proyecto de naturalizaci\u00f3n urbana. Hay que destacar que de todos los proyectos que se han presentado, m\u00e1s de cien de toda Espa\u00f1a, s\u00f3lo 12 han sido seleccionados. Para lograrlo Castell\u00f3n ha contado con el gran trabajo y el buen hacer de nuestros t\u00e9cnicos municipales, con la la Oficina de Planificaci\u00f3n y Proyecci\u00f3n Econ\u00f3mica, dirigida por Carmen Vilanova, a la cabeza\u201d.<\/p>\n\n\n\n<h3>3,5 millones de euros de financiaci\u00f3n<\/h3>\n\n\n\n<p>Carrasco ha querido resaltar tambi\u00e9n que \u201cen total, vamos a contar con casi 3\u20195 millones de euros para transformar Castell\u00f3n en un lugar m\u00e1s sostenible, m\u00e1s saludable, con m\u00e1s biodiversidad y por tanto favorecer la relaci\u00f3n de los castellonenses con la naturaleza. Seguimos trabajando para ser una ciudad referente en sostenibilidad y sobre todo, que es por lo que apostamos y lo que queremos, por la calidad de vida. Porque tejer una red de naturaleza en nuestra ciudad es sembrar una red de futuro para Castell\u00f3n\u201d.<\/p>\n\n\n\n<figure class=\"wp-block-image size-large\"><img loading=\"lazy\" width=\"1024\" height=\"682\" src=\"https:\/\/agendaurbanacastello.es\/wp-content\/uploads\/2025\/09\/Carrasco-Madrid-Naturaleza-en-Red-1-1024x682.jpeg\" alt=\"\" class=\"wp-image-2969\" srcset=\"https:\/\/agendaurbanacastello.es\/wp-content\/uploads\/2025\/09\/Carrasco-Madrid-Naturaleza-en-Red-1-1024x682.jpeg 1024w, https:\/\/agendaurbanacastello.es\/wp-content\/uploads\/2025\/09\/Carrasco-Madrid-Naturaleza-en-Red-1-300x200.jpeg 300w, https:\/\/agendaurbanacastello.es\/wp-content\/uploads\/2025\/09\/Carrasco-Madrid-Naturaleza-en-Red-1-768x512.jpeg 768w, https:\/\/agendaurbanacastello.es\/wp-content\/uploads\/2025\/09\/Carrasco-Madrid-Naturaleza-en-Red-1-1536x1023.jpeg 1536w, https:\/\/agendaurbanacastello.es\/wp-content\/uploads\/2025\/09\/Carrasco-Madrid-Naturaleza-en-Red-1-18x12.jpeg 18w, https:\/\/agendaurbanacastello.es\/wp-content\/uploads\/2025\/09\/Carrasco-Madrid-Naturaleza-en-Red-1-365x243.jpeg 365w, https:\/\/agendaurbanacastello.es\/wp-content\/uploads\/2025\/09\/Carrasco-Madrid-Naturaleza-en-Red-1.jpeg 1600w\" sizes=\"(max-width: 1024px) 100vw, 1024px\" \/><figcaption>Bego\u00f1a Carrasco, alcaldesa de Castell\u00f3n, durante su intervenci\u00f3n <\/figcaption><\/figure>\n\n\n\n<h3>Biodiversidad y renaturalizaci\u00f3n, proyectos prioritarios en la Agenda Urbana de Castell\u00f3n <\/h3>\n\n\n\n<p>Tras un proceso de definici\u00f3n y elaboraci\u00f3n en el que participaron los principales agentes sociales, pol\u00edticos, econ\u00f3micos y acad\u00e9micos de la ciudad, el plan de acci\u00f3n de la <a href=\"https:\/\/agendaurbanacastello.es\/va\/\" target=\"_blank\" rel=\"noreferrer noopener\" title=\"Agenda Urbana de Castell\u00f3n\">Agenda Urbana de Castell\u00f3n<\/a> se compone de 16 proyectos prioritarios, dos de ellos dedicados exclusivamente a la renaturalizaci\u00f3n y biodiversidad urbana.<\/p>\n\n\n\n<p>Por una parte, la <a href=\"https:\/\/agendaurbanacastello.es\/va\/ficha\/estrategia-de-renaturalizacion-municipal-y-restauracion-ecologica\/\" target=\"_blank\" rel=\"noreferrer noopener\" title=\"Estrat\u00e8gia de renaturalitzaci\u00f3 Municipal i Restauraci\u00f3 Ecol\u00f2gica\">Estrat\u00e8gia de renaturalitzaci\u00f3 Municipal i Restauraci\u00f3 Ecol\u00f2gica<\/a> con el fin de consolidar las infraestructuras verdes y restaurar los sistemas fluviales y zonas h\u00famedas para conservar y poner en valor los activos ambientales paisaj\u00edsticos y culturales del territorio. Por la otra, la <a href=\"https:\/\/agendaurbanacastello.es\/va\/ficha\/biodiversidad-urbana\/\" target=\"_blank\" rel=\"noreferrer noopener\" title=\"Biodiversidad Urbana\">Biodiversidad Urbana<\/a>, que tiene como objetivo llevar a cabo una estrategia de renaturalizaci\u00f3n en la ciudad incrementando las superficies naturales con Soluciones Basadas en la Naturaleza, mejorando as\u00ed el confort y la calidad de vida de la ciudadan\u00eda.<\/p>\n\n\n\n<p><\/p>","protected":false},"excerpt":{"rendered":"<p>Castell\u00f3n, Naturaleza en Red es la apuesta por una ciudad m\u00e1s verde, m\u00e1s sostenible, paseable y accesible. Por un Castell\u00f3n con m\u00e1s biodiversidad y m\u00e1s calidad de vida para todos nuestros vecinos y vecinas<\/p>","protected":false},"author":1,"featured_media":2967,"comment_status":"closed","ping_status":"closed","sticky":false,"template":"","format":"standard","meta":{"_monsterinsights_skip_tracking":false,"_monsterinsights_sitenote_active":false,"_monsterinsights_sitenote_note":"","_monsterinsights_sitenote_category":0},"categories":[1],"tags":[186,151,90,185,207,147,177],"acf":[],"_links":{"self":[{"href":"https:\/\/agendaurbanacastello.es\/va\/wp-json\/wp\/v2\/posts\/2966"}],"collection":[{"href":"https:\/\/agendaurbanacastello.es\/va\/wp-json\/wp\/v2\/posts"}],"about":[{"href":"https:\/\/agendaurbanacastello.es\/va\/wp-json\/wp\/v2\/types\/post"}],"author":[{"embeddable":true,"href":"https:\/\/agendaurbanacastello.es\/va\/wp-json\/wp\/v2\/users\/1"}],"replies":[{"embeddable":true,"href":"https:\/\/agendaurbanacastello.es\/va\/wp-json\/wp\/v2\/comments?post=2966"}],"version-history":[{"count":2,"href":"https:\/\/agendaurbanacastello.es\/va\/wp-json\/wp\/v2\/posts\/2966\/revisions"}],"predecessor-version":[{"id":2971,"href":"https:\/\/agendaurbanacastello.es\/va\/wp-json\/wp\/v2\/posts\/2966\/revisions\/2971"}],"wp:featuredmedia":[{"embeddable":true,"href":"https:\/\/agendaurbanacastello.es\/va\/wp-json\/wp\/v2\/media\/2967"}],"wp:attachment":[{"href":"https:\/\/agendaurbanacastello.es\/va\/wp-json\/wp\/v2\/media?parent=2966"}],"wp:term":[{"taxonomy":"category","embeddable":true,"href":"https:\/\/agendaurbanacastello.es\/va\/wp-json\/wp\/v2\/categories?post=2966"},{"taxonomy":"post_tag","embeddable":true,"href":"https:\/\/agendaurbanacastello.es\/va\/wp-json\/wp\/v2\/tags?post=2966"}],"curies":[{"name":"wp","href":"https:\/\/api.w.org\/{rel}","templated":true}]}}