{"id":3005,"date":"2025-09-17T08:01:00","date_gmt":"2025-09-17T08:01:00","guid":{"rendered":"https:\/\/agendaurbanacastello.es\/?p=3005"},"modified":"2025-09-18T08:26:29","modified_gmt":"2025-09-18T08:26:29","slug":"castellon-apuesta-por-la-digitalizacion-del-comercio-local","status":"publish","type":"post","link":"https:\/\/agendaurbanacastello.es\/va\/castellon-apuesta-por-la-digitalizacion-del-comercio-local\/","title":{"rendered":"Castell\u00f3n apuesta por la digitalizaci\u00f3n del comercio local"},"content":{"rendered":"<h2>Se ampl\u00eda el sistema de taquillas inteligentes y el marketplace a todos los comercios de Castell\u00f3n<\/h2>\n\n\n\n<p>El concejal de Comercio y Consumo del <a href=\"https:\/\/www.castello.es\/es\/\" target=\"_blank\" rel=\"noreferrer noopener\" title=\"Ayuntamiento de Castell\u00f3n\">Ayuntamiento de Castell\u00f3n<\/a>, Alberto Vidal, ha presidido este mi\u00e9rcoles el Consejo Sectorial de Comercio, un \u00f3rgano consultivo que re\u00fane a las principales asociaciones comerciales de la ciudad. <\/p>\n\n\n\n<p>En el marco de este encuentro, Vidal ha anunciado que el sistema de taquillas inteligentes y el Marketplace <a href=\"https:\/\/comerciocastellon.es\/es\" target=\"_blank\" rel=\"noreferrer noopener\" title=\"comerciocastellon.es\">comerciocastellon.es<\/a>, que hasta ahora utilizaban \u00fanicamente el Mercado Central y el Mercado de San Antonio, podr\u00e1n ser empleados por todos los comercios y servicios de la ciudad que lo deseen.<\/p>\n\n\n\n<p>Durante la reuni\u00f3n se ha explicado el funcionamiento de la plataforma a los representantes de las asociaciones comerciales y se ha avanzado que la implantaci\u00f3n se llevar\u00e1 a cabo de forma progresiva en las pr\u00f3ximas semanas. Adem\u00e1s, la empresa responsable impartir\u00e1 sesiones pr\u00e1cticas dirigidas a los comerciantes interesados para facilitar el conocimiento y uso de esta herramienta digital.<\/p>\n\n\n\n<p>El edil ha se\u00f1alado que &#8220;esta iniciativa ya ha sido puesta a prueba en dos de los mercados de la ciudad, con resultados muy positivos. Gracias a la demanda y el inter\u00e9s mostrado por varios comercios, hemos decidido ampliarla, de manera que ahora todos aquellos comercios y servicios que deseen sumarse y aprovechar sus beneficios puedan hacerlo\u201d.<\/p>\n\n\n\n<p>Vidal ha explicado que \u201cvamos a acompa\u00f1ar a los comerciantes que lo deseen en todo el proceso, con formaci\u00f3n y asesoramiento, porque creemos que el \u00e9xito radica en que cada negocio, sea grande o peque\u00f1o, pueda adaptarse a los nuevos h\u00e1bitos de consumo y llegar a m\u00e1s clientes\u201d.<\/p>\n\n\n\n<p>\u201cSiempre hemos dicho que el comercio de Castell\u00f3n necesita medidas estructurales, y esta es una de ellas. Nuestro objetivo es modernizar el sector sin perder la esencia de la proximidad, y al mismo tiempo ofrecer a los ciudadanos herramientas que hagan m\u00e1s f\u00e1cil y accesible comprar en nuestros comercios locales. Las taquillas inteligentes y el Marketplace nos permiten dar un salto cualitativo en esta direcci\u00f3n\u201d, ha se\u00f1alado el concejal de Comercio.<\/p>\n\n\n\n<figure class=\"wp-block-image size-large\"><img loading=\"lazy\" width=\"640\" height=\"480\" src=\"https:\/\/agendaurbanacastello.es\/wp-content\/uploads\/2025\/03\/Taquilla-Mercado-SanAntonio1.jpg\" alt=\"\" class=\"wp-image-2727\" srcset=\"https:\/\/agendaurbanacastello.es\/wp-content\/uploads\/2025\/03\/Taquilla-Mercado-SanAntonio1.jpg 640w, https:\/\/agendaurbanacastello.es\/wp-content\/uploads\/2025\/03\/Taquilla-Mercado-SanAntonio1-300x225.jpg 300w, https:\/\/agendaurbanacastello.es\/wp-content\/uploads\/2025\/03\/Taquilla-Mercado-SanAntonio1-16x12.jpg 16w\" sizes=\"(max-width: 640px) 100vw, 640px\" \/><figcaption>Taquilla inteligente instalada en el Mercado de San Antonio de Castell\u00f3n<\/figcaption><\/figure>\n\n\n\n<h3>Una red de taquillas en puntos estrat\u00e9gicos de la ciudad<\/h3>\n\n\n\n<p>Cabe recordar que el Ayuntamiento de Castell\u00f3n puso en funcionamiento hace apenas un a\u00f1o 11 taquillas inteligentes y refrigeradas distribuidas en diferentes puntos de la ciudad: Mercado Central, Mercado de San Antonio, Maset Blau, Polic\u00eda Local del Grao, Primer Mol\u00ed, Centro Comercial Salera, parking APK2 Clave, Hospital General, Hospital Provincial, CEIP Vicent Marz\u00e0 y Huerto Sogueros.<\/p>\n\n\n\n<p>Con esta novedad, adem\u00e1s de los productos frescos de los dos mercados de la ciudad, tambi\u00e9n se podr\u00e1n adquirir art\u00edculos de los comercios locales que se adhieran a la plataforma, fomentando as\u00ed la compra de proximidad y conectando la oferta comercial de Castell\u00f3n con la ciudadan\u00eda de forma pr\u00e1ctica. Estas taquillas est\u00e1n disponibles las 24 horas del d\u00eda, los 7 d\u00edas de la semana, permitiendo a los ciudadanos recoger de manera sencilla, c\u00f3moda y accesible los pedidos realizados a trav\u00e9s del Marketplace.<\/p>\n\n\n\n<h3>Inversi\u00f3n y apoyo europeo<\/h3>\n\n\n\n<p>La instalaci\u00f3n de las taquillas y el desarrollo de la plataforma digital han supuesto una inversi\u00f3n de 356.535,70 euros, financiados a trav\u00e9s de los Fondos Europeos Next Generation dentro del <a href=\"https:\/\/planderecuperacion.gob.es\/\" target=\"_blank\" rel=\"noreferrer noopener\" title=\"Plan de Recuperaci\u00f3n, Transformaci\u00f3n y Resiliencia\">Plan de Recuperaci\u00f3n, Transformaci\u00f3n y Resiliencia<\/a>.<\/p>\n\n\n\n<p>El Marketplace forma parte del proyecto global \u201c<a href=\"https:\/\/www.castello.es\/va\/projectes#contenido3840334\" target=\"_blank\" rel=\"noreferrer noopener\" title=\"Modernizaci\u00f3n Sostenible y Accesible de los Comercios de Castell\u00f3n de la Plana\">Modernizaci\u00f3n Sostenible y Accesible de los Comercios de Castell\u00f3n de la Plana<\/a>\u201d, que cuenta con una financiaci\u00f3n total de 2,4 millones de euros, enmarcada en la convocatoria \u201c<a href=\"https:\/\/portal.mineco.gob.es\/es-es\/ministerio\/ayudas\/mercados-sostenibles\/Paginas\/index.aspx\" target=\"_blank\" rel=\"noreferrer noopener\" title=\"Apoyo a mercados, zonas urbanas comerciales, comercio no sedentario y canales cortos de comercializaci\u00f3n\">Apoyo a mercados, zonas urbanas comerciales, comercio no sedentario y canales cortos de comercializaci\u00f3n<\/a>\u201d del <a href=\"https:\/\/portal.mineco.gob.es\/es-es\/Paginas\/index.aspx\" target=\"_blank\" rel=\"noreferrer noopener\" title=\"Ministerio de Econom\u00eda, Comercio y Empresa.\">Ministerio de Econom\u00eda, Comercio y Empresa.<\/a><\/p>\n\n\n\n<figure class=\"wp-block-image size-large\"><img loading=\"lazy\" width=\"1024\" height=\"768\" src=\"https:\/\/agendaurbanacastello.es\/wp-content\/uploads\/2024\/07\/Taquilla-Comercio-Castello-Plaza-Santa-Clara2-1024x768.jpg\" alt=\"\" class=\"wp-image-2111\" srcset=\"https:\/\/agendaurbanacastello.es\/wp-content\/uploads\/2024\/07\/Taquilla-Comercio-Castello-Plaza-Santa-Clara2-1024x768.jpg 1024w, https:\/\/agendaurbanacastello.es\/wp-content\/uploads\/2024\/07\/Taquilla-Comercio-Castello-Plaza-Santa-Clara2-300x225.jpg 300w, https:\/\/agendaurbanacastello.es\/wp-content\/uploads\/2024\/07\/Taquilla-Comercio-Castello-Plaza-Santa-Clara2-768x576.jpg 768w, https:\/\/agendaurbanacastello.es\/wp-content\/uploads\/2024\/07\/Taquilla-Comercio-Castello-Plaza-Santa-Clara2-1536x1152.jpg 1536w, https:\/\/agendaurbanacastello.es\/wp-content\/uploads\/2024\/07\/Taquilla-Comercio-Castello-Plaza-Santa-Clara2-16x12.jpg 16w, https:\/\/agendaurbanacastello.es\/wp-content\/uploads\/2024\/07\/Taquilla-Comercio-Castello-Plaza-Santa-Clara2.jpg 1600w\" sizes=\"(max-width: 1024px) 100vw, 1024px\" \/><figcaption>Taquilla instalada en la Plaza Santa Clara <\/figcaption><\/figure>\n\n\n\n<h3>Una actuaci\u00f3n dentro del plan de acci\u00f3n de la Agenda Urbana de Castell\u00f3n <\/h3>\n\n\n\n<p>El plan de acci\u00f3n de la\u00a0<a href=\"https:\/\/agendaurbanacastello.es\/va\/\" target=\"_blank\" rel=\"noreferrer noopener\">Agenda Urbana de Castell\u00f3n<\/a>\u00a0cuenta con varios proyectos estrat\u00e9gicos de ciudad vinculados al proyecto \u201c<a href=\"https:\/\/www.castello.es\/va\/projectes#contenido3840334\" target=\"_blank\" rel=\"noreferrer noopener\">Modernizaci\u00f3n Sostenible y Accesible de los Comercios de Castell\u00f3n de la Plana<\/a>\u201c. Por una parte, el denominado \u201c<a href=\"https:\/\/agendaurbanacastello.es\/va\/ficha\/talento-emprendimiento-industria-y-comercio\/\" target=\"_blank\" rel=\"noreferrer noopener\">Talent, emprenedoria, ind\u00fastria i comer\u00e7<\/a>\u201c, donde promover la innovaci\u00f3n sostenible, tecnol\u00f3gica y social del comercio es una de las prioridades. Por la otra, el proyecto \u201c<a href=\"https:\/\/agendaurbanacastello.es\/va\/ficha\/transformacion-digital-urbana\/\" target=\"_blank\" rel=\"noreferrer noopener\">Transformaci\u00f3 digital urbana<\/a>\u201d que tiene como fin seguir avanzando hacia un modelo de ciudad inteligente e innovador introduciendo nuevas tecnolog\u00edas disruptivas para optimizar y simplificar los procesos internos y facilitar nuevos servicios a la ciudadan\u00eda.<\/p>\n\n\n\n<h3>Calendario de acciones y redes sociales<\/h3>\n\n\n\n<p>Adem\u00e1s, en el Consejo Sectorial de Comercio se ha consensuado el calendario de las distintas acciones de la concejal\u00eda, tomando como referencia las peticiones de los comerciantes y trabajando de manera conjunta con las diferentes asociaciones comerciales. Tambi\u00e9n se han analizado los datos de las redes sociales de Comercio y se han compartido ideas sobre pr\u00f3ximas publicaciones que podr\u00edan contribuir al desarrollo y fortalecimiento del comercio local.<\/p>","protected":false},"excerpt":{"rendered":"<p>Durante el Consejo Sectorial de Comercio se ha explicado el funcionamiento de la plataforma a los representantes de asociaciones comerciales y se ha avanzado que se ofrecer\u00e1 formaci\u00f3n para facilitar el conocimiento y uso de esta herramienta digital<\/p>","protected":false},"author":1,"featured_media":3006,"comment_status":"closed","ping_status":"closed","sticky":false,"template":"","format":"standard","meta":{"_monsterinsights_skip_tracking":false,"_monsterinsights_sitenote_active":false,"_monsterinsights_sitenote_note":"","_monsterinsights_sitenote_category":0},"categories":[1],"tags":[143,133,154,48,44,95,60],"acf":[],"_links":{"self":[{"href":"https:\/\/agendaurbanacastello.es\/va\/wp-json\/wp\/v2\/posts\/3005"}],"collection":[{"href":"https:\/\/agendaurbanacastello.es\/va\/wp-json\/wp\/v2\/posts"}],"about":[{"href":"https:\/\/agendaurbanacastello.es\/va\/wp-json\/wp\/v2\/types\/post"}],"author":[{"embeddable":true,"href":"https:\/\/agendaurbanacastello.es\/va\/wp-json\/wp\/v2\/users\/1"}],"replies":[{"embeddable":true,"href":"https:\/\/agendaurbanacastello.es\/va\/wp-json\/wp\/v2\/comments?post=3005"}],"version-history":[{"count":1,"href":"https:\/\/agendaurbanacastello.es\/va\/wp-json\/wp\/v2\/posts\/3005\/revisions"}],"predecessor-version":[{"id":3007,"href":"https:\/\/agendaurbanacastello.es\/va\/wp-json\/wp\/v2\/posts\/3005\/revisions\/3007"}],"wp:featuredmedia":[{"embeddable":true,"href":"https:\/\/agendaurbanacastello.es\/va\/wp-json\/wp\/v2\/media\/3006"}],"wp:attachment":[{"href":"https:\/\/agendaurbanacastello.es\/va\/wp-json\/wp\/v2\/media?parent=3005"}],"wp:term":[{"taxonomy":"category","embeddable":true,"href":"https:\/\/agendaurbanacastello.es\/va\/wp-json\/wp\/v2\/categories?post=3005"},{"taxonomy":"post_tag","embeddable":true,"href":"https:\/\/agendaurbanacastello.es\/va\/wp-json\/wp\/v2\/tags?post=3005"}],"curies":[{"name":"wp","href":"https:\/\/api.w.org\/{rel}","templated":true}]}}