{"id":3021,"date":"2025-09-22T09:46:00","date_gmt":"2025-09-22T09:46:00","guid":{"rendered":"https:\/\/agendaurbanacastello.es\/?p=3021"},"modified":"2025-09-23T12:02:16","modified_gmt":"2025-09-23T12:02:16","slug":"la-zbe-i-afronta-su-recta-final","status":"publish","type":"post","link":"https:\/\/agendaurbanacastello.es\/va\/la-zbe-i-afronta-su-recta-final\/","title":{"rendered":"La ZBE I afronta su recta final"},"content":{"rendered":"<h2>Los trabajos en la Zona de Bajas Emisiones II avanzan seg\u00fan lo previsto y concluir\u00e1n a finales de 2025   <\/h2>\n\n\n\n<p><br>La ciudad de Castell\u00f3n sigue avanzando en el calendario de actuaciones contempladas en la <a href=\"https:\/\/www.castello.es\/es\/zbe\" target=\"_blank\" rel=\"noreferrer noopener\" title=\"Zona de Bajas Emisiones\">Zona de Bajas Emisiones<\/a>, tanto las calles que comprenden la ZBE I y la ZBE II.<\/p>\n\n\n\n<p>El concejal de Urbanismo en el <a href=\"https:\/\/www.castello.es\/es\/inicio\" target=\"_blank\" rel=\"noreferrer noopener\" title=\"Ayuntamiento de Castell\u00f3n\">Ayuntamiento de Castell\u00f3n<\/a>, Sergio Toledo ha informado de que los trabajos de la Zona de Bajas Emisiones est\u00e1n cumpliendo con las previsiones. Precisamente ha indicado que \u201cla Zona de Bajas Emisiones I ya est\u00e1 afrontando su recta final dado que las calles Asensi y Herrero est\u00e1n pr\u00e1cticamente concluidas, as\u00ed como la calle San Vicente\u201d.<\/p>\n\n\n\n<p>El edil ha avanzado que \u201cen la calle Asensi esta semana se realizar\u00e1 el parterre que da a la calle Gobernador, as\u00ed como tambi\u00e9n se se\u00f1alizar\u00e1n las zonas de estacionamiento as\u00ed como la se\u00f1al\u00e9tica horizontal. En lo que concierne a la calle San Vicente, Toledo ha explicado que \u201cma\u00f1ana martes se cortar\u00e1 a partir de las 8:00h de la ma\u00f1ana la calle San Vicente, para culminar la instalaci\u00f3n de la jardiner\u00eda hasta las 19:00h. Para facilitar la circulaci\u00f3n de veh\u00edculos en la zona se abrir\u00e1 al tr\u00e1fico durante este d\u00eda en la calle Dolores\u201d.<\/p>\n\n\n\n<p>Finalmente, el tramo de la calle Moyano, situado tras el Teatro Principal ya est\u00e1 concluido, de modo que con todos estos detalles la ZBE I estar\u00eda finalizada.<\/p>\n\n\n\n<h3>Zona de Bajas Emisiones II<\/h3>\n\n\n\n<p>En las calles de la Zona de Bajas Emisiones II, el edil ha aseverado que \u201clos trabajos est\u00e1n avanzando, de hecho se est\u00e1n realizando las labores de forma paralela en varios puntos, lo que permitir\u00e1 que, tal y como nos comprometimos, a finales de 2025 todas las calles de la Zona de Bajas Emisiones est\u00e9n concluidas\u201d afirma.<\/p>\n\n\n\n<p>En Amadeo I el pavimento est\u00e1 instalado ya, \u00fanicamente queda colocar el adoqu\u00edn en un tramo en la acera del lado este. La calle Echegaray, se ha distribuido en dos tramos, el primero de ellos es en el que ya se ha realizado el pavimento en ambas aceras. El desv\u00edo que hay actualmente es; entrada por Amadeo I, se gira por la calle Echegaray y se llega a \u2018la casa grande\u2019. Se est\u00e1 trabajando en Trullols, en la zona entre Zaragoza y Echegaray. Esta semana se est\u00e1 trabajando en el \u2018cul de sac\u2019 en la acera sur.<\/p>\n\n\n\n<p>En la calle Trullols, se est\u00e1 realizando esta semana la demolici\u00f3n de la acera oeste en el tramo entre Zaragoza y Echegaray y el objetivo es que quede esta semana pavimentada, para comenzar con la zona frente a \u2018 al casa grande\u2019<\/p>\n\n\n\n<p>En la calle Rosell el pavimento est\u00e1 realizado, esta semana se pondr\u00e1 el mobiliario urbano y se instalar\u00e1 el aparca bicis y posteriormente se proceder\u00e1 a la instalaci\u00f3n de vegetaci\u00f3n y mobiliario urbano.<\/p>\n\n\n\n<p>Por otra parte en la calle German\u00edas, falta instalar la se\u00f1al\u00e9tica y en Vilaroig se est\u00e1 colocando el adoqu\u00edn en el lado oeste.<\/p>\n\n\n\n<p>En la calle Pedro Aliaga se est\u00e1 pavimentando desde la Avenida del Rey hasta Pintor Castell, la acera lado sur. La acera del lado norte ya est\u00e1 pavimentada.<\/p>\n\n\n\n<p>La calle Dolores se est\u00e1 trabajando en la acera norte, esta semana se est\u00e1 poniendo encintado y se hormigonar\u00e1 solo la zona hasta pintor Castell. En Arquitecto Traver la acera norte est\u00e1 pr\u00e1cticamente pavimentada, falta la instalaci\u00f3n de la jardiner\u00eda.<\/p>\n\n\n\n<p>Finalmente en el parking Goliat, ya se ha colocando la instalaci\u00f3n por riego y el alumbrado. A partir del lunes 6 de octubre no estar\u00e1 permitido el estacionamiento no obstante, se se\u00f1alizar\u00e1 y se habilita como alternativa para estacionar el recinto de Ferias y Mercado, a excepci\u00f3n de aquellos d\u00edas concretos en los que estas instalaciones tengan que acoger alg\u00fan evento puntual.<\/p>\n\n\n\n<h3>Proyecto financiado con fondos europeos<\/h3>\n\n\n\n<p>El proyecto de la Zona de Bajas Emisiones conseguir\u00e1 que la ciudad cuente con m\u00e1s zonas verdes, as\u00ed como se incrementar\u00e1n las zonas de aparcamiento y mejorar\u00e1 la accesibilidad en la zona centro.<\/p>\n\n\n\n<p>La actuaci\u00f3n se est\u00e1 llevando a cabo en el marco del <a href=\"https:\/\/planderecuperacion.gob.es\/\" target=\"_blank\" rel=\"noreferrer noopener\" title=\"Plan de Recuperaci\u00f3n, Transformaci\u00f3n y Resiliencia (PRTR)\">Plan de Recuperaci\u00f3n, Transformaci\u00f3n y Resiliencia (PRTR)<\/a> financiado con los fondos europeos.<\/p>\n\n\n\n<h3>Una de las prioridades del plan de acci\u00f3n de la Agenda Urbana de Castell\u00f3n<\/h3>\n\n\n\n<p>La implementaci\u00f3n de una Zona de Bajas Emisiones en la ciudad es uno de los proyectos prioritarios recogidos en el plan de acci\u00f3n de la Agenda Urbana de Castell\u00f3n.<\/p>\n\n\n\n<p>La hoja de ruta que recoge el modelo de desarrollo urbano integrado hasta 2030 cuenta con el proyecto \u201c<a href=\"https:\/\/agendaurbanacastello.es\/va\/ficha\/estrategia-de-supermanzanas-y-zonas-de-bajas-emisiones\/\" target=\"_blank\" rel=\"noreferrer noopener\" title=\"Estrat\u00e8gia de superilles i zones de baixes emissions\">Estrat\u00e8gia de superilles i zones de baixes emissions<\/a>\u201d con el fin de materializar una nueva reorganizaci\u00f3n del espacio p\u00fablico que favorezca una movilidad m\u00e1s eficiente, sostenible y segura a partir de una nueva jerarqu\u00eda viaria.<\/p>","protected":false},"excerpt":{"rendered":"<p>A finales de 2025 todas las calles de la Zona de Bajas Emisiones de Castell\u00f3n estar\u00e1n concluidas<\/p>","protected":false},"author":1,"featured_media":3023,"comment_status":"closed","ping_status":"closed","sticky":false,"template":"","format":"standard","meta":{"_monsterinsights_skip_tracking":false,"_monsterinsights_sitenote_active":false,"_monsterinsights_sitenote_note":"","_monsterinsights_sitenote_category":0},"categories":[1],"tags":[78,45,44,115,94],"acf":[],"_links":{"self":[{"href":"https:\/\/agendaurbanacastello.es\/va\/wp-json\/wp\/v2\/posts\/3021"}],"collection":[{"href":"https:\/\/agendaurbanacastello.es\/va\/wp-json\/wp\/v2\/posts"}],"about":[{"href":"https:\/\/agendaurbanacastello.es\/va\/wp-json\/wp\/v2\/types\/post"}],"author":[{"embeddable":true,"href":"https:\/\/agendaurbanacastello.es\/va\/wp-json\/wp\/v2\/users\/1"}],"replies":[{"embeddable":true,"href":"https:\/\/agendaurbanacastello.es\/va\/wp-json\/wp\/v2\/comments?post=3021"}],"version-history":[{"count":2,"href":"https:\/\/agendaurbanacastello.es\/va\/wp-json\/wp\/v2\/posts\/3021\/revisions"}],"predecessor-version":[{"id":3024,"href":"https:\/\/agendaurbanacastello.es\/va\/wp-json\/wp\/v2\/posts\/3021\/revisions\/3024"}],"wp:featuredmedia":[{"embeddable":true,"href":"https:\/\/agendaurbanacastello.es\/va\/wp-json\/wp\/v2\/media\/3023"}],"wp:attachment":[{"href":"https:\/\/agendaurbanacastello.es\/va\/wp-json\/wp\/v2\/media?parent=3021"}],"wp:term":[{"taxonomy":"category","embeddable":true,"href":"https:\/\/agendaurbanacastello.es\/va\/wp-json\/wp\/v2\/categories?post=3021"},{"taxonomy":"post_tag","embeddable":true,"href":"https:\/\/agendaurbanacastello.es\/va\/wp-json\/wp\/v2\/tags?post=3021"}],"curies":[{"name":"wp","href":"https:\/\/api.w.org\/{rel}","templated":true}]}}