{"id":3025,"date":"2025-09-26T08:51:00","date_gmt":"2025-09-26T08:51:00","guid":{"rendered":"https:\/\/agendaurbanacastello.es\/?p=3025"},"modified":"2025-09-29T09:27:12","modified_gmt":"2025-09-29T09:27:12","slug":"castellon-invierte-mas-de-74-millones-en-la-prevencion-de-inundaciones","status":"publish","type":"post","link":"https:\/\/agendaurbanacastello.es\/va\/castellon-invierte-mas-de-74-millones-en-la-prevencion-de-inundaciones\/","title":{"rendered":"Castell\u00f3n invierte m\u00e1s de 7\u20194 millones en la prevenci\u00f3n de inundaciones"},"content":{"rendered":"<h2>La inversi\u00f3n incluye cerca de 900.000 euros del PERTE del agua en materia de alcantarillado<\/h2>\n\n\n\n<p>El gobierno de Castell\u00f3n destina m\u00e1s de 7\u20194millones de euros a prevenir inundaciones frente a los episodios de lluvias torrenciales, gotas fr\u00edas o DANAS.<\/p>\n\n\n\n<p>As\u00ed lo ha avanzado la alcaldesa de la ciudad, Bego\u00f1a Carrasco, quien ha presentado junto al concejal de Urbanismo e Infraestructuras, Sergio Toledo, el concejal de y Seguridad y Emergencias, Antonio Ortol\u00e1 y la teniente alcalde del Grao y concejala de Vivienda, Ester Giner, el plan antiinundaciones que ha puesto en marcha el gobierno municipal<\/p>\n\n\n\n<p>La alcaldesa ha explicado que \u201clos m\u00e1s de 7\u20194 millones de euros corresponden, por un a parte a la inversi\u00f3n en Servicios P\u00fablicos para prevenir o combatir el riesgo de inundaciones\u201d, lo que supone: conservaci\u00f3n y el mantenimiento de las estaciones de bombeo, el servicio de limpieza de la red de alcantarillado, la limpieza y mantenimiento de acequias de todo el termino municipal y las nuevas infraestructuras cuyas obras ya est\u00e1n ejecutadas, en marcha o proyectadas. Con lo que destaca que \u201cson 6,6 millones de euros de inversi\u00f3n dedicados a la prevenci\u00f3n de inundaciones\u201d.<\/p>\n\n\n\n<p>Carrasco ha matizado que \u201cel a\u00f1o pasado se dedic\u00f3 una cuant\u00eda mayor ya que se acometieron obras que ahora ya est\u00e1n funcionando bien\u201d, citando como ejemplo la canalizaci\u00f3n del Barranco del Sol en San Agust\u00edn y San Marcos.<\/p>\n\n\n\n<p>\u201cEste dispositivo tiene como objetivo establecer las medidas de prevenci\u00f3n, as\u00ed como definir los procedimientos de actuaci\u00f3n de los equipos y sistemas de evacuaci\u00f3n de aguas\u201d ha explicado la primera edil subrayando que \u201csomos un gobierno que apuesta por la planificaci\u00f3n, la prevenci\u00f3n y la coordinaci\u00f3n entre \u00e1reas y hoy aqu\u00ed se demuestra con este despliegue de equipo humano y todos los veh\u00edculos a disposici\u00f3n para hacer frente a los efectos de las lluvias torrenciales, procurando que tengan el m\u00ednimo impacto en nuestro municipio\u201d.<\/p>\n\n\n\n<h3>Digitalizaci\u00f3n del PERTE del Agua y Agenda Urbana <\/h3>\n\n\n\n<p>La alcaldesa tambi\u00e9n ha enfatizado la digitalizaci\u00f3n en la gesti\u00f3n del servicio de suministro de agua ya que se\u00f1ala \u201cnos permite ser m\u00e1s eficientes y sostenibles con la reciente obtenci\u00f3n de 5,9 millones de fondos europeos del <a href=\"https:\/\/www.prtr.miteco.gob.es\/es\/perte\/perte-digitalizacion-ciclo-agua.html\" target=\"_blank\" rel=\"noreferrer noopener\" title=\"PERTE de digitalizaci\u00f3n del ciclo del agua\">PERTE de digitalizaci\u00f3n del ciclo del agua<\/a>\u201d.<\/p>\n\n\n\n<p>En este sentido, ha recordado que el PERTE del agua no se destina \u00edntegramente a la red de alcantarillado, aunque s\u00ed a la red del agua potable, por lo que, incide en la importancia de haber conseguido la financiaci\u00f3n europea, de la mano de Facsa para sumar esfuerzos en materia de planificaci\u00f3n y prevenci\u00f3n, lo que subraya \u201cconvierte a Castell\u00f3n en referente en cuanto en cuanto al uso y gesti\u00f3n del agua\u201d.<\/p>\n\n\n\n<p>Se trata de un proyecto financiado con fondos europeos Next Generation a trav\u00e9s del <a href=\"https:\/\/www.miteco.gob.es\/es.html\" target=\"_blank\" rel=\"noreferrer noopener\" title=\"Ministerio de Transici\u00f3n Ecol\u00f3gica y Reto Demogr\u00e1fico\">Ministerio de Transici\u00f3n Ecol\u00f3gica y Reto Demogr\u00e1fico<\/a> en el marco del <a href=\"https:\/\/planderecuperacion.gob.es\/\" title=\"Plan de Recuperaci\u00f3n, Transformaci\u00f3n y Resiliencia\">Plan de Recuperaci\u00f3n, Transformaci\u00f3n y Resiliencia<\/a>. Una convocatoria destinada a financiar programas de ayudas para el<em>\u00a0<\/em>impulso a la digitalizaci\u00f3n\u00a0de los distintos usuarios del agua con el fin de avanzar en la protecci\u00f3n del medio ambiente, la mejora de la gesti\u00f3n de los recursos h\u00eddricos y la lucha contra el cambio clim\u00e1tico y el reto demogr\u00e1fico.<\/p>\n\n\n\n<p>Cabe destacar que el plan de acci\u00f3n de la <a href=\"https:\/\/agendaurbanacastello.es\/va\/\" target=\"_blank\" rel=\"noreferrer noopener\" title=\"Agenda Urbana de Castell\u00f3n\">Agenda Urbana de Castell\u00f3n<\/a> cuenta con dos proyectos prioritarios centrados en la digitalizaci\u00f3n. Por una parte la iniciativa &#8220;<a href=\"https:\/\/agendaurbanacastello.es\/va\/ficha\/transformacion-digital-urbana\/\" target=\"_blank\" rel=\"noreferrer noopener\" title=\"Transformaci\u00f3 Digital Urbana\">Transformaci\u00f3 Digital Urbana<\/a>&#8220;, centrada en seguir avanzando hacia un modelo de ciudad inteligente e innovador introduciendo nuevas tecnolog\u00edas disruptivas para optimizar y simplificar los procesos internos y facilitar nuevos servicios a la ciudadan\u00eda. Por la otra &#8220;<a href=\"https:\/\/agendaurbanacastello.es\/va\/ficha\/gemelo-digital-castello\/\" target=\"_blank\" rel=\"noreferrer noopener\" title=\"Bess\u00f3 Digital\">Bess\u00f3 Digital<\/a>&#8220;, con el objetivo de contar con una r\u00e9plica virtual de los principales elementos de la ciudad que permita analizar, modelar, simular y predecir escenarios o elaborar supuestos para una mejor toma de decisiones sobre planificaci\u00f3n y gesti\u00f3n urbana.<br><\/p>\n\n\n\n<h3>Conservaci\u00f3n y mantenimiento de estaciones de bombeo y limpieza de alcantarillado<\/h3>\n\n\n\n<p>Por otra parte, la alcaldesa ha desglosado las partidas destinadas a la conservaci\u00f3n y mantenimiento de estaciones de bombeo y control de vertidos, donde ha informado de que \u201ccada a\u00f1o se realizan del orden de 11.784 actuaciones de car\u00e1cter preventivo y en torno a 169 actuaciones de car\u00e1cter correctivo\u201d, por lo que este a\u00f1o se han destinado m\u00e1s de 649.000 euros.<\/p>\n\n\n\n<p>El servicio de limpieza e inspecci\u00f3n de la red de alcantarillado realiza al a\u00f1o alrededor de 1.756 actuaciones, y se ha destinado en 2025 m\u00e1s de 342.000 euros.<\/p>\n\n\n\n<p>Asimismo ha indicado que desde el 1 de enero se han limpiado un total de 22.000 rejillas e imbornales, donde se han destinado 230.000 euros al a\u00f1o. En conservaci\u00f3n, reparaci\u00f3n y mejoras de v\u00edas p\u00fablicas e infraestructuras hidr\u00e1ulicas, la cuant\u00eda asciende a 1.350.000 euros y el servicio de limpieza y mantenimiento de acequias con un importe de 189.400 euros.<\/p>\n\n\n\n<p>Carrasco tambi\u00e9n ha hecho referencia al equipo humano de este plan especial antiinundaciones que consta de m\u00e1s de 80 personas, entre los servicios t\u00e9cnicos y las empresas concesionarias, adem\u00e1s de la Polic\u00eda Local y Bomberos municipales.<\/p>\n\n\n\n<p>Finalmente la alcaldesa ha concluido destacando que \u201cun a\u00f1o m\u00e1s, Castell\u00f3n est\u00e1 preparada para responder ante las emergencias ocasionadas por las lluvias. Llegamos al mes de octubre con los deberes hechos en materia de prevenci\u00f3n y preparaci\u00f3n\u201d.<\/p>\n\n\n\n<h3>Servicios municipales e inversiones<\/h3>\n\n\n\n<p>El concejal de Urbanismo e Infraestructuras, Sergio Toledo ha recordado los servicios municipales que participan directamente de la gesti\u00f3n y la prevenci\u00f3n de esos episodios de lluvias y ha desglosado las inversiones donde ha recordado que \u201clas ejecutadas ya en 2024-2025 don de 1.276.000 euros en la construcci\u00f3n de una red de saneamiento en la urbanizaci\u00f3n de Las Galeras, 166.000 euros en el proyecto de sustituci\u00f3n del grupo electr\u00f3geno de la estaci\u00f3n de bombeo de la Ronda Norte\u201d.<\/p>\n\n\n\n<p>Tambi\u00e9n ha recordado las actuaciones en la avenida Lid\u00f3n, los 385.000 euros en la construcci\u00f3n de una nueva estaci\u00f3n de bombeo en calle Lituania, los 17.000 euros en el suministro de mallas de retenci\u00f3n de s\u00f3lidos en el Cam\u00ed Fondo, junto con 112.000 euros en la actuaci\u00f3n extraordinaria de limpieza del R\u00edo Seco, del Barranco del Sol y del Barranco de Almazora por parte del Ayuntamiento de Castell\u00f3n.<\/p>\n\n\n\n<p>\u201cEn total, 2.000.000 euros invertidos en este ejercicio y 2.000.000 euros m\u00e1s que vamos a invertir en el presente ejercicio\u201d,ha concluido.<\/p>\n\n\n\n<h3>Mejora de la capacidad operativa del Servicio de Bomberos de Castell\u00f3n<\/h3>\n\n\n\n<p>Finalmente el concejal de Seguridad y Emergencias, Antonio Ortol\u00e1, ha explicado que \u201cun parte importante de este plan coordinado entre distintas concejal\u00edas ha sido reforzar la capacidad operativa del Servicio de Prevenci\u00f3n, Extinci\u00f3n de Incendios y Salvamento (SPEIS) ante episodios de lluvias intensas e inundaciones\u201d.<\/p>\n\n\n\n<p>Ortol\u00e1 ha explicado que \u201ceste dispositivo especial est\u00e1 coordinado adem\u00e1s con la Polic\u00eda Local y los Agentes de Movilidad, lo que nos permite actuar de forma conjunta en todos los frentes que puedan abrirse durante una situaci\u00f3n de emergencia.\u201d<\/p>\n\n\n\n<p>El edil ha se\u00f1alado que \u201ccuando se producen este tipo de episodios, la principal dificultad radica en la simultaneidad de las demandas. Podemos tener intervenciones cr\u00edticas, como rescates de personas en riesgo vital, y al mismo tiempo incidencias de menor gravedad, como la ca\u00edda de ramas o el anegamiento de bajos y garajes. Por eso es esencial contar con un servicio preparado y con capacidad de anticipaci\u00f3n.\u201d<\/p>\n\n\n\n<p>En este sentido, Ortol\u00e1 ha explicado \u201cen los d\u00edas en los que se prev\u00e9n lluvias intensas se proceder\u00e1 a la preactivaci\u00f3n de bomberos de refuerzo del turno de guardia. Si el nivel de riesgo es elevado, se les indicar\u00e1 que se desplacen directamente al parque central, evitando as\u00ed que las condiciones meteorol\u00f3gicas dificulten su llegada en veh\u00edculos particulares. De esta manera, garantizamos que el personal est\u00e9 disponible desde el primer momento y preparado para intervenir en cualquier punto de la ciudad.\u201d<\/p>\n\n\n\n<h3>Medios materiales<\/h3>\n\n\n\n<p>El SPEIS cuenta con una amplia dotaci\u00f3n de medios materiales especializados para hacer frente a episodios de lluvias intensas e inundaciones. Entre ellos destacan los veh\u00edculos con alta capacidad de vadeo, dise\u00f1ados para acceder a zonas anegadas y realizar rescates con seguridad. En concreto, se dispone de tres camiones todoterreno y cuatro veh\u00edculos tipo pick-up, que permiten desplazarse por calles inundadas o terrenos complicados, garantizando la movilidad del personal en cualquier situaci\u00f3n.<\/p>\n\n\n\n<p>Asimismo, el servicio dispone de bombas de achique de diferentes tipos (electrobombas, motobombas y turbobombas) destinadas a extraer agua de infraestructuras, bajos y garajes inundados, evitando da\u00f1os mayores y facilitando la recuperaci\u00f3n de espacios afectados.<\/p>\n\n\n\n<p>A esto se suman los equipos de intervenci\u00f3n en entornos acu\u00e1ticos, que incluyen trajes especiales de protecci\u00f3n y seguridad, as\u00ed como embarcaciones ligeras para la evacuaci\u00f3n de personas atrapadas en zonas inundadas. Adem\u00e1s, se cuenta con material complementario para rescates, actuaciones t\u00e9cnicas y tareas de apoyo, lo que permite actuar de manera integral y eficaz ante cualquier emergencia relacionada con el agua.<\/p>\n\n\n\n<h3>Cinco estaciones meteorol\u00f3gicas distribuidas por la ciudad<\/h3>\n\n\n\n<p>\u201cAdem\u00e1s, contamos con cinco estaciones meteorol\u00f3gicas digitales distribuidas por la ciudad, que transmiten datos en tiempo real sobre la lluvia y otros par\u00e1metros. A ello se suma un servicio de consultor\u00eda meteorol\u00f3gica especializada, que mantiene informados a nuestros t\u00e9cnicos y a otros departamentos municipales sobre la evoluci\u00f3n de la situaci\u00f3n\u201d, ha explicado el concejal de Seguridad y Emergencias.<\/p>\n\n\n\n<p>El edil ha se\u00f1alado que \u201cgracias a este sistema, podemos disponer de informaci\u00f3n instant\u00e1nea y actualizada al minuto, lo que nos permite anticiparnos a posibles incidencias, valorar riesgos de forma inmediata y coordinar las intervenciones del SPEIS, de manera mucho m\u00e1s eficaz. Esta capacidad de monitorizaci\u00f3n continua es clave para garantizar la seguridad de la ciudadan\u00eda ante fen\u00f3menos meteorol\u00f3gicos adversos\u201d.<\/p>\n\n\n\n<p>Tambi\u00e9n la Agrupaci\u00f3n Local de Voluntariado de Protecci\u00f3n Civil desempe\u00f1a un papel clave, apoyando tanto a Bomberos como a Polic\u00eda Local en tareas log\u00edsticas y de asistencia ciudadana.<\/p>\n\n\n\n<p>\u201cEn definitiva, con este dispositivo especial reforzamos el compromiso del Ayuntamiento de Castell\u00f3n con la seguridad, la anticipaci\u00f3n operativa y la protecci\u00f3n de la ciudadan\u00eda. Gracias a esta preparaci\u00f3n, podemos ofrecer una respuesta coordinada y eficaz en distintos puntos de la ciudad, garantizando que cada intervenci\u00f3n se realice con rapidez y de manera organizada, protegiendo a la poblaci\u00f3n ante cualquier situaci\u00f3n de riesgo\u201d, ha concluido el edil.<\/p>","protected":false},"excerpt":{"rendered":"<p>Castell\u00f3n cuenta con 5,9 millones de fondos europeos para la digitalizaci\u00f3n del ciclo del agua que contribuye a que la ciudad cuente con una gesti\u00f3n m\u00e1s eficiente del agua<\/p>","protected":false},"author":1,"featured_media":3026,"comment_status":"closed","ping_status":"closed","sticky":false,"template":"","format":"standard","meta":{"_monsterinsights_skip_tracking":false,"_monsterinsights_sitenote_active":false,"_monsterinsights_sitenote_note":"","_monsterinsights_sitenote_category":0},"categories":[1],"tags":[165,133,45,67,167,44],"acf":[],"_links":{"self":[{"href":"https:\/\/agendaurbanacastello.es\/va\/wp-json\/wp\/v2\/posts\/3025"}],"collection":[{"href":"https:\/\/agendaurbanacastello.es\/va\/wp-json\/wp\/v2\/posts"}],"about":[{"href":"https:\/\/agendaurbanacastello.es\/va\/wp-json\/wp\/v2\/types\/post"}],"author":[{"embeddable":true,"href":"https:\/\/agendaurbanacastello.es\/va\/wp-json\/wp\/v2\/users\/1"}],"replies":[{"embeddable":true,"href":"https:\/\/agendaurbanacastello.es\/va\/wp-json\/wp\/v2\/comments?post=3025"}],"version-history":[{"count":1,"href":"https:\/\/agendaurbanacastello.es\/va\/wp-json\/wp\/v2\/posts\/3025\/revisions"}],"predecessor-version":[{"id":3027,"href":"https:\/\/agendaurbanacastello.es\/va\/wp-json\/wp\/v2\/posts\/3025\/revisions\/3027"}],"wp:featuredmedia":[{"embeddable":true,"href":"https:\/\/agendaurbanacastello.es\/va\/wp-json\/wp\/v2\/media\/3026"}],"wp:attachment":[{"href":"https:\/\/agendaurbanacastello.es\/va\/wp-json\/wp\/v2\/media?parent=3025"}],"wp:term":[{"taxonomy":"category","embeddable":true,"href":"https:\/\/agendaurbanacastello.es\/va\/wp-json\/wp\/v2\/categories?post=3025"},{"taxonomy":"post_tag","embeddable":true,"href":"https:\/\/agendaurbanacastello.es\/va\/wp-json\/wp\/v2\/tags?post=3025"}],"curies":[{"name":"wp","href":"https:\/\/api.w.org\/{rel}","templated":true}]}}