{"id":3056,"date":"2025-10-22T12:10:37","date_gmt":"2025-10-22T12:10:37","guid":{"rendered":"https:\/\/agendaurbanacastello.es\/?p=3056"},"modified":"2025-10-22T12:10:40","modified_gmt":"2025-10-22T12:10:40","slug":"castellon-trabaja-para-tejer-una-red-de-voluntariado-municipal","status":"publish","type":"post","link":"https:\/\/agendaurbanacastello.es\/va\/castellon-trabaja-para-tejer-una-red-de-voluntariado-municipal\/","title":{"rendered":"Castell\u00f3n trabaja para tejer una Red de Voluntariado  municipal"},"content":{"rendered":"<h2>El objetivo es contar con una estructura municipal organizada que integre a diferentes asociaciones, entidades y personas, apostando por un espacio de comunicaci\u00f3n, trabajo y encuentro <\/h2>\n\n\n\n<p>La concejal\u00eda de <a href=\"https:\/\/www.castello.es\/es\/participacion-ciudadana\" target=\"_blank\" rel=\"noreferrer noopener\" title=\"Participaci\u00f3n Ciudadana\">Participaci\u00f3n Ciudadana<\/a>, que dirige Paco Caba\u00f1ero, trabaja en la creaci\u00f3n de una red de voluntariado, que integre a asociaciones, entidades y particulares, a fin de disponer de una estructura municipal organizada, igual que tienen Alicante y Valencia.<\/p>\n\n\n\n<p>En este marco de actuaci\u00f3n social y contando con la participaci\u00f3n ciudadana, Caba\u00f1ero se ha reunido con el presidente de la Plataforma del Voluntariado de la Comunidad Valenciana, Miguel Salvador. Un encuentro al que se han sumado asociaciones locales que disponen de voluntariado propio, como son Iniciativa Social, representada por Sof\u00eda Tortajada, y ILLEWASI, representada por M\u00aa Paz Ramos. Una representaci\u00f3n de entre las muchas que existen en el tejido asociativo local.<\/p>\n\n\n\n<p>\u201cEl objetivo es aunar criterios y favorecer la coordinaci\u00f3n de las personas que de manera altruista se implican con causas sociales, ayudando donde se las necesita. Disponer de una estructura municipal de voluntariado organizada nos ser\u00eda de gran ayuda al Ayuntamiento para recurrir a \u00e9sta ante diferentes acciones solidarias que requieran del factor humano\u201d, ha explicado Paco Caba\u00f1ero.<\/p>\n\n\n\n<p>En este sentido aclara que \u201cqueremos favorecer la creaci\u00f3n de una red de voluntarios a nivel municipal, que integre diferentes asociaciones, entidades y personas particulares, favoreciendo un espacio de comunicaci\u00f3n, trabajo y de encuentro que nos ayude a canalizar mejor y agilizar la capacidad de respuesta. Esta red de personas dispuestas a colaborar en beneficio de la comunidad estar\u00eda orientada tanto a causas sociales, educativas, medioambientales, culturales o de emergencia\u201d.<\/p>\n\n\n\n<p>Y recuerda: \u201cCastell\u00f3n es una ciudad solidaria, con gran capacidad de movilizaci\u00f3n de voluntarios como se demostr\u00f3 en la ayuda a los pueblos afectados por la DANA, donde fueron numerosos los autobuses de voluntarios desplazados a los municipios, dispuestos a ayudar. Queremos seguir contando con todos\u201d.<\/p>\n\n\n\n<p>Cabe destacar que el voluntariado no solo beneficia a quienes reciben ayuda, sino que tambi\u00e9n enriquece la vida de quienes ofrecen su tiempo, proporcionando experiencias valiosas, desarrollo de habilidades y un sentido de pertenencia a la comunidad.<\/p>\n\n\n\n<p>En esta l\u00ednea, es importante recordar que el plan de acci\u00f3n de la <a href=\"https:\/\/agendaurbanacastello.es\/va\/\" target=\"_blank\" rel=\"noreferrer noopener\" title=\"Agenda Urbana de Castell\u00f3n\">Agenda Urbana de Castell\u00f3n<\/a> cuenta con un proyecto prioritario centrado en la <a href=\"https:\/\/agendaurbanacastello.es\/va\/ficha\/cultura-formacion-y-participacion-ciudadana\/\" title=\"cultura, la formaci\u00f3n y la participaci\u00f3n ciudadana\">cultura, la formaci\u00f3n y la participaci\u00f3n ciudadana<\/a> que tiene como fin informar, sensibilizar y capacitar a la ciudadan\u00eda y personal t\u00e9cnico del Ayuntamiento en conceptos clave en materia urbana para que comprendan el funcionamiento de su ciudad y hacerles part\u00edcipes.<\/p>\n\n\n\n<p><\/p>","protected":false},"excerpt":{"rendered":"<p>Una red de personas dispuestas a colaborar en beneficio de la comunidad, tanto en causas sociales, educativas, medioambientales, culturales o de emergencia. <\/p>","protected":false},"author":1,"featured_media":3058,"comment_status":"closed","ping_status":"closed","sticky":false,"template":"","format":"standard","meta":{"_monsterinsights_skip_tracking":false,"_monsterinsights_sitenote_active":false,"_monsterinsights_sitenote_note":"","_monsterinsights_sitenote_category":0},"categories":[1],"tags":[151,153,152,48],"acf":[],"_links":{"self":[{"href":"https:\/\/agendaurbanacastello.es\/va\/wp-json\/wp\/v2\/posts\/3056"}],"collection":[{"href":"https:\/\/agendaurbanacastello.es\/va\/wp-json\/wp\/v2\/posts"}],"about":[{"href":"https:\/\/agendaurbanacastello.es\/va\/wp-json\/wp\/v2\/types\/post"}],"author":[{"embeddable":true,"href":"https:\/\/agendaurbanacastello.es\/va\/wp-json\/wp\/v2\/users\/1"}],"replies":[{"embeddable":true,"href":"https:\/\/agendaurbanacastello.es\/va\/wp-json\/wp\/v2\/comments?post=3056"}],"version-history":[{"count":2,"href":"https:\/\/agendaurbanacastello.es\/va\/wp-json\/wp\/v2\/posts\/3056\/revisions"}],"predecessor-version":[{"id":3059,"href":"https:\/\/agendaurbanacastello.es\/va\/wp-json\/wp\/v2\/posts\/3056\/revisions\/3059"}],"wp:featuredmedia":[{"embeddable":true,"href":"https:\/\/agendaurbanacastello.es\/va\/wp-json\/wp\/v2\/media\/3058"}],"wp:attachment":[{"href":"https:\/\/agendaurbanacastello.es\/va\/wp-json\/wp\/v2\/media?parent=3056"}],"wp:term":[{"taxonomy":"category","embeddable":true,"href":"https:\/\/agendaurbanacastello.es\/va\/wp-json\/wp\/v2\/categories?post=3056"},{"taxonomy":"post_tag","embeddable":true,"href":"https:\/\/agendaurbanacastello.es\/va\/wp-json\/wp\/v2\/tags?post=3056"}],"curies":[{"name":"wp","href":"https:\/\/api.w.org\/{rel}","templated":true}]}}