{"id":3140,"date":"2025-12-15T12:33:00","date_gmt":"2025-12-15T12:33:00","guid":{"rendered":"https:\/\/agendaurbanacastello.es\/?p=3140"},"modified":"2025-12-17T10:58:13","modified_gmt":"2025-12-17T10:58:13","slug":"finalizan-las-obras-de-zona-de-bajas-emisiones","status":"publish","type":"post","link":"https:\/\/agendaurbanacastello.es\/va\/finalizan-las-obras-de-zona-de-bajas-emisiones\/","title":{"rendered":"Finalizan las obras de Zona de Bajas Emisiones"},"content":{"rendered":"<h2>La Zona de Bajas Emisiones de Castell\u00f3n abre todas sus calles acortando plazos <\/h2>\n\n\n\n<p>El concejal de Urbanismo e Infraestructuras, Sergio Toledo, ha mostrado hoy su satisfacci\u00f3n \u201cpor la finalizaci\u00f3n de las obras de implantaci\u00f3n de la segunda fase de la <a href=\"https:\/\/www.castello.es\/va\/zbe\" target=\"_blank\" rel=\"noreferrer noopener\" title=\"Zona de Bajas Emisiones\">Zona de Bajas Emisiones<\/a>\u201d.<\/p>\n\n\n\n<p>El edil ha querido trasladar su agradecimiento \u201cpor el gran trabajo realizado al m\u00e1ximo para acortar los plazos establecidos y poder adelantar unas semanas, para que los viales estuvieran transitables antes de las fiestas navide\u00f1as. No era una tarea f\u00e1cil pero gracias a una gran coordinaci\u00f3n y el compromiso de todas las partes implicadas, tanto a los diferentes t\u00e9cnicos municipales del <a href=\"https:\/\/www.castello.es\/va\/inici\" target=\"_blank\" rel=\"noreferrer noopener\" title=\"Ajuntament\">Ajuntament<\/a>, desde las \u00e1reas de Urbanismo, Movilidad o la Polic\u00eda Local, como de los responsables de cada empresa, podemos decir que se ha llevado a cabo con gran \u00e9xito\u201d.<\/p>\n\n\n\n<p>El concejal ha recordado que \u201cs\u00f3lo resta completar el asfaltado final y plantaciones vegetales del aparcamiento disuasorio del antiguo Mercado del Lunes, que est\u00e1 previsto se abra para Navidad, as\u00ed como los \u00faltimos retoques de jardiner\u00eda en viales como calle Dolores o calle Amadeo I\u201d.<\/p>\n\n\n\n<p>\u201cEn total, entre las dos fases de las que ha contado este proyecto, son m\u00e1s de 40 las calles y plazas de la ciudad de Castell\u00f3n que se han visto beneficiadas de estas obras que hemos realizado contando con m\u00e1s de 11 millones de euros provenientes de Uni\u00f3n Europea a trav\u00e9s de los fondos Next Generation en el marco del <a href=\"https:\/\/planderecuperacion.gob.es\/\" target=\"_blank\" rel=\"noreferrer noopener\" title=\"Plan de Recuperaci\u00f3n, Transformaci\u00f3n y Resiliencia\">Plan de Recuperaci\u00f3n, Transformaci\u00f3n y Resiliencia<\/a>\u201d, ha recordado el concejal.<\/p>\n\n\n\n<figure class=\"wp-block-image size-large\"><img loading=\"lazy\" width=\"1024\" height=\"683\" src=\"https:\/\/agendaurbanacastello.es\/wp-content\/uploads\/2025\/12\/Obras-aparcamiento-disuasorio-ZBE-1024x683.jpeg\" alt=\"\" class=\"wp-image-3145\" srcset=\"https:\/\/agendaurbanacastello.es\/wp-content\/uploads\/2025\/12\/Obras-aparcamiento-disuasorio-ZBE-1024x683.jpeg 1024w, https:\/\/agendaurbanacastello.es\/wp-content\/uploads\/2025\/12\/Obras-aparcamiento-disuasorio-ZBE-300x200.jpeg 300w, https:\/\/agendaurbanacastello.es\/wp-content\/uploads\/2025\/12\/Obras-aparcamiento-disuasorio-ZBE-768x512.jpeg 768w, https:\/\/agendaurbanacastello.es\/wp-content\/uploads\/2025\/12\/Obras-aparcamiento-disuasorio-ZBE-1536x1024.jpeg 1536w, https:\/\/agendaurbanacastello.es\/wp-content\/uploads\/2025\/12\/Obras-aparcamiento-disuasorio-ZBE-2048x1365.jpeg 2048w, https:\/\/agendaurbanacastello.es\/wp-content\/uploads\/2025\/12\/Obras-aparcamiento-disuasorio-ZBE-18x12.jpeg 18w, https:\/\/agendaurbanacastello.es\/wp-content\/uploads\/2025\/12\/Obras-aparcamiento-disuasorio-ZBE-365x243.jpeg 365w\" sizes=\"(max-width: 1024px) 100vw, 1024px\" \/><figcaption>Recta final de las obras del aparcamiento disuasorio de la Avenida del Mar <\/figcaption><\/figure>\n\n\n\n<h3>Objetivos de la ZBE<\/h3>\n\n\n\n<p>Sergio Toledo ha hecho hincapi\u00e9 en que \u201cla puesta en marcha de la ZBE tiene como principal objetivo el disminuir las emisiones de contaminantes en la atm\u00f3sfera, apostando por una ciudad m\u00e1s sostenible\u201d.<\/p>\n\n\n\n<p>En este sentido, el responsable del \u00c1rea de Urbanismo ha recordado que \u201cdesde el equipo de gobierno municipal hemos reorientado y mejorado el proyecto original de esta ZBE que ten\u00eda el anterior gobierno, adapt\u00e1ndolo a las caracter\u00edsticas y circunstancias espec\u00edficas que tiene la ciudad de Castell\u00f3n, sin cerrar el centro de la ciudad\u201d.<\/p>\n\n\n\n<p>\u201cAs\u00ed, hemos podido acometer esta gran obra de m\u00e1s de 745.000 m\u00b2 apostando por un Castell\u00f3n m\u00e1s accesible gracias a las nuevas calles con plataforma \u00fanica y conservando m\u00e1s de 200 plazas de aparcamiento. Tambi\u00e9n un Castell\u00f3n m\u00e1s verde, con m\u00e1s zonas de sombra, ya que se han aumentado las zonas verdes, los \u00e1rboles y las plantas previstas en el proyecto\u201d, ha finalizado Toledo.<\/p>\n\n\n\n<h3>Proyecto financiado con fondos europeos<\/h3>\n\n\n\n<p>Estas obras, estar\u00e1n finalizadas el 31 de diciembre de 2025 y forman parte del proyecto redise\u00f1ado de la Zona de Bajas Emisiones. Una actuaci\u00f3n que conseguir\u00e1 que la ciudad cuente con m\u00e1s zonas verdes y mejorar\u00e1 la accesibilidad en la zona centro, adem\u00e1s de fomentar la movilidad sostenible y saludable.<\/p>\n\n\n\n<p>La Zona de Bajas Emisiones de Castell\u00f3n ha sido posible gracias a la inversi\u00f3n realizada en el marco del <a href=\"https:\/\/planderecuperacion.gob.es\/\" target=\"_blank\" rel=\"noreferrer noopener\" title=\"Plan de Recuperaci\u00f3n, Transformaci\u00f3n y Resiliencia (PRTR)\">Plan de Recuperaci\u00f3n, Transformaci\u00f3n y Resiliencia (PRTR)<\/a> financiado con los fondos europeos Next Generation.<\/p>\n\n\n\n<p>La implementaci\u00f3n de una Zona de Bajas Emisiones en la ciudad es uno de los proyectos prioritarios recogidos en el plan de acci\u00f3n de la Agenda Urbana de Castell\u00f3n. La hoja de ruta que recoge el modelo de desarrollo urbano integrado hasta 2030 cuenta con el proyecto \u201c<a href=\"https:\/\/agendaurbanacastello.es\/va\/ficha\/estrategia-de-supermanzanas-y-zonas-de-bajas-emisiones\/\" target=\"_blank\" rel=\"noreferrer noopener\" title=\"Estrat\u00e8gia de superilles i zones de baixes emissions\">Estrat\u00e8gia de superilles i zones de baixes emissions<\/a>\u201d con el fin de materializar una nueva reorganizaci\u00f3n del espacio p\u00fablico que favorezca una movilidad m\u00e1s eficiente, sostenible y segura a partir de una nueva jerarqu\u00eda viaria.<\/p>\n\n\n\n<figure class=\"wp-block-image size-large\"><img loading=\"lazy\" width=\"1024\" height=\"105\" src=\"https:\/\/agendaurbanacastello.es\/wp-content\/uploads\/2025\/11\/Logos-ZBE-pliegos-1024x105.png\" alt=\"\" class=\"wp-image-3132\" srcset=\"https:\/\/agendaurbanacastello.es\/wp-content\/uploads\/2025\/11\/Logos-ZBE-pliegos-1024x105.png 1024w, https:\/\/agendaurbanacastello.es\/wp-content\/uploads\/2025\/11\/Logos-ZBE-pliegos-300x31.png 300w, https:\/\/agendaurbanacastello.es\/wp-content\/uploads\/2025\/11\/Logos-ZBE-pliegos-768x79.png 768w, https:\/\/agendaurbanacastello.es\/wp-content\/uploads\/2025\/11\/Logos-ZBE-pliegos-1536x158.png 1536w, https:\/\/agendaurbanacastello.es\/wp-content\/uploads\/2025\/11\/Logos-ZBE-pliegos-18x2.png 18w, https:\/\/agendaurbanacastello.es\/wp-content\/uploads\/2025\/11\/Logos-ZBE-pliegos.png 1823w\" sizes=\"(max-width: 1024px) 100vw, 1024px\" \/><\/figure>","protected":false},"excerpt":{"rendered":"<p>Esta semana se han completado todos los asfaltados que tienen que ver con los viales incluidos en la segunda fase de la ZBE y solo resta completar el asfaltado final y plantaciones vegetales del aparcamiento disuasorio del antiguo Mercado del Lunes, que se abrir\u00e1 para Navidad.<\/p>","protected":false},"author":1,"featured_media":3144,"comment_status":"closed","ping_status":"closed","sticky":false,"template":"","format":"standard","meta":{"_monsterinsights_skip_tracking":false,"_monsterinsights_sitenote_active":false,"_monsterinsights_sitenote_note":"","_monsterinsights_sitenote_category":0},"categories":[1],"tags":[78,45,48,44,94,52],"acf":[],"_links":{"self":[{"href":"https:\/\/agendaurbanacastello.es\/va\/wp-json\/wp\/v2\/posts\/3140"}],"collection":[{"href":"https:\/\/agendaurbanacastello.es\/va\/wp-json\/wp\/v2\/posts"}],"about":[{"href":"https:\/\/agendaurbanacastello.es\/va\/wp-json\/wp\/v2\/types\/post"}],"author":[{"embeddable":true,"href":"https:\/\/agendaurbanacastello.es\/va\/wp-json\/wp\/v2\/users\/1"}],"replies":[{"embeddable":true,"href":"https:\/\/agendaurbanacastello.es\/va\/wp-json\/wp\/v2\/comments?post=3140"}],"version-history":[{"count":4,"href":"https:\/\/agendaurbanacastello.es\/va\/wp-json\/wp\/v2\/posts\/3140\/revisions"}],"predecessor-version":[{"id":3150,"href":"https:\/\/agendaurbanacastello.es\/va\/wp-json\/wp\/v2\/posts\/3140\/revisions\/3150"}],"wp:featuredmedia":[{"embeddable":true,"href":"https:\/\/agendaurbanacastello.es\/va\/wp-json\/wp\/v2\/media\/3144"}],"wp:attachment":[{"href":"https:\/\/agendaurbanacastello.es\/va\/wp-json\/wp\/v2\/media?parent=3140"}],"wp:term":[{"taxonomy":"category","embeddable":true,"href":"https:\/\/agendaurbanacastello.es\/va\/wp-json\/wp\/v2\/categories?post=3140"},{"taxonomy":"post_tag","embeddable":true,"href":"https:\/\/agendaurbanacastello.es\/va\/wp-json\/wp\/v2\/tags?post=3140"}],"curies":[{"name":"wp","href":"https:\/\/api.w.org\/{rel}","templated":true}]}}