{"id":3169,"date":"2025-12-23T08:16:49","date_gmt":"2025-12-23T08:16:49","guid":{"rendered":"https:\/\/agendaurbanacastello.es\/?p=3169"},"modified":"2025-12-23T08:16:51","modified_gmt":"2025-12-23T08:16:51","slug":"apertura-del-nuevo-parking-disuasorio","status":"publish","type":"post","link":"https:\/\/agendaurbanacastello.es\/va\/apertura-del-nuevo-parking-disuasorio\/","title":{"rendered":"Apertura del nuevo parking disuasorio"},"content":{"rendered":"<h2>El nuevo aparcamiento cuenta con m\u00e1s de 480 plazas, reforzando la movilidad sostenible en el acceso al centro de la ciudad<\/h2>\n\n\n\n<p><\/p>\n\n\n\n<p><\/p>\n\n\n\n<p>22 de diciembre de 2025. El <a href=\"https:\/\/www.castello.es\/es\/inicio\" target=\"_blank\" rel=\"noreferrer noopener\" title=\"Ayuntamiento de Castell\u00f3n\">Ayuntamiento de Castell\u00f3n<\/a>, en su firme compromiso por avanzar hacia una movilidad m\u00e1s sostenible, accesible y pensada para las personas, ha finalizado las obras de adecuaci\u00f3n del antiguo recinto de ferias y mercados, ubicado en la avenida del Mar, y abrir\u00e1 el nuevo aparcamiento disuasorio este mi\u00e9rcoles, disponible a la ciudan\u00eda desde primera hora, coincidiendo con la Nochebuena. La infraestructura contar\u00e1 con m\u00e1s de 480 plazas destinadas a turismos, motocicletas y bicicletas, e incorporar\u00e1 tambi\u00e9n zonas ajardinadas que contribuir\u00e1n a la mejora del entorno urbano.<\/p>\n\n\n\n<p>Con esta actuaci\u00f3n, el consistorio pone a disposici\u00f3n de las vecinas y vecinos, cerca de medio millar de nuevas plazas de aparcamiento en unas fechas especialmente se\u00f1aladas por la elevada afluencia de p\u00fablico al centro de la ciudad, motivada por las compras navide\u00f1as y las tradicionales comidas de empresa. El nuevo parking permitir\u00e1 facilitar el acceso al centro urbano, al tiempo que se avanza hacia un modelo de movilidad m\u00e1s equilibrado, en el que se prioriza al peat\u00f3n y se favorece una llegada m\u00e1s c\u00f3moda y ordenada a las zonas comerciales y de ocio.<\/p>\n\n\n\n<p>El concejal de Movilidad, Cristian Ram\u00edrez, ha destacado que \u201ctenemos la obra disponible para dar servicio a la ciudadan\u00eda esta Nochebuena tal y como nos comprometimos. Con estas nuevas plazas de aparcamiento facilitamos el acceso al centro que, con este equipo de gobierno, es un centro m\u00e1s vivo, abierto y accesible para todos\u201d.<\/p>\n\n\n\n<figure class=\"wp-block-image size-large\"><img loading=\"lazy\" width=\"1024\" height=\"683\" src=\"https:\/\/agendaurbanacastello.es\/wp-content\/uploads\/2025\/12\/Obras-aparcamiento-disuasorio-ZBE-II--1024x683.jpeg\" alt=\"\" class=\"wp-image-3144\" srcset=\"https:\/\/agendaurbanacastello.es\/wp-content\/uploads\/2025\/12\/Obras-aparcamiento-disuasorio-ZBE-II--1024x683.jpeg 1024w, https:\/\/agendaurbanacastello.es\/wp-content\/uploads\/2025\/12\/Obras-aparcamiento-disuasorio-ZBE-II--300x200.jpeg 300w, https:\/\/agendaurbanacastello.es\/wp-content\/uploads\/2025\/12\/Obras-aparcamiento-disuasorio-ZBE-II--768x512.jpeg 768w, https:\/\/agendaurbanacastello.es\/wp-content\/uploads\/2025\/12\/Obras-aparcamiento-disuasorio-ZBE-II--1536x1024.jpeg 1536w, https:\/\/agendaurbanacastello.es\/wp-content\/uploads\/2025\/12\/Obras-aparcamiento-disuasorio-ZBE-II--2048x1365.jpeg 2048w, https:\/\/agendaurbanacastello.es\/wp-content\/uploads\/2025\/12\/Obras-aparcamiento-disuasorio-ZBE-II--18x12.jpeg 18w, https:\/\/agendaurbanacastello.es\/wp-content\/uploads\/2025\/12\/Obras-aparcamiento-disuasorio-ZBE-II--365x243.jpeg 365w\" sizes=\"(max-width: 1024px) 100vw, 1024px\" \/><figcaption>Ejecuci\u00f3n de las obras del parking disuasorio en la Avenida del Mar <\/figcaption><\/figure>\n\n\n\n<h3>Finaliza la segunda fase de las obras de la ZBE<\/h3>\n\n\n\n<p>De manera paralela al asfaltado del antiguo recinto del Mercado del Lunes, el Ayuntamiento ha completado la plantaci\u00f3n de arbolado y la jardiner\u00eda en las calles Amadeo I y Dolores, dando por concluida, antes del 31 de diciembre, la segunda fase de la <a href=\"https:\/\/www.castello.es\/es\/zbe\" target=\"_blank\" rel=\"noreferrer noopener\" title=\"Zona de Bajas Emisiones (ZBE)\">Zona de Bajas Emisiones (ZBE)<\/a>. En conjunto, las dos fases del proyecto han permitido la mejora de alrededor de 40 calles y plazas de la ciudad, con una inversi\u00f3n superior a los 11 millones de euros procedentes de fondos de la Uni\u00f3n Europea, reforzando as\u00ed un modelo urbano m\u00e1s sostenible, amable y adaptado a los retos medioambientales actuales.<\/p>\n\n\n\n<p>En total, se han mejorado y asfaltado 745.000 metros cuadrados, completando la actuaci\u00f3n con la incorporaci\u00f3n de arbolado y jardiner\u00eda en las zonas del centro designadas. Todo ello ha permitido avanzar hacia una ciudad m\u00e1s accesible y habitable, al tiempo que se han ampliado las zonas verdes, incrementado el n\u00famero de \u00e1rboles y creado nuevas \u00e1reas de sombra que mejoran el confort urbano.<\/p>\n\n\n\n<h3>Proyecto financiado con fondos europeos<\/h3>\n\n\n\n<p>El proyecto de la Zona de Bajas Emisiones permite que la ciudad cuente con m\u00e1s espacios verdes, mejora  significativamente la accesibilidad en el centro urbano, favoreciendo un modelo de movilidad m\u00e1s sostenible y equilibrado.<\/p>\n\n\n\n<p>Esta actuaci\u00f3n se desarrolla en el marco del <a href=\"https:\/\/planderecuperacion.gob.es\/\" target=\"_blank\" rel=\"noreferrer noopener\" title=\"Plan de Recuperaci\u00f3n, Transformaci\u00f3n y Resiliencia (PRTR) \">Plan de Recuperaci\u00f3n, Transformaci\u00f3n y Resiliencia (PRTR) <\/a>y est\u00e1 financiada con fondos europeos Next Generation EU, destinados a impulsar ciudades m\u00e1s sostenibles, accesibles y adaptadas a los retos ambientales y sociales actuales.<\/p>\n\n\n\n<p>La implementaci\u00f3n de una Zona de Bajas Emisiones en la ciudad es uno de los proyectos prioritarios recogidos en el plan de acci\u00f3n de la Agenda Urbana de Castell\u00f3n. La hoja de ruta que recoge el modelo de desarrollo urbano integrado hasta 2030 cuenta con el proyecto \u201c<a href=\"https:\/\/agendaurbanacastello.es\/va\/ficha\/estrategia-de-supermanzanas-y-zonas-de-bajas-emisiones\/\" target=\"_blank\" rel=\"noreferrer noopener\" title=\"Estrat\u00e8gia de superilles i zones de baixes emissions\">Estrat\u00e8gia de superilles i zones de baixes emissions<\/a>\u201d con el fin de materializar una nueva reorganizaci\u00f3n del espacio p\u00fablico que favorezca una movilidad m\u00e1s eficiente, sostenible y segura a partir de una nueva jerarqu\u00eda viaria.<\/p>\n\n\n\n<figure class=\"wp-block-image size-large\"><img loading=\"lazy\" width=\"1024\" height=\"105\" src=\"https:\/\/agendaurbanacastello.es\/wp-content\/uploads\/2025\/11\/Logos-ZBE-pliegos-1024x105.png\" alt=\"\" class=\"wp-image-3132\" srcset=\"https:\/\/agendaurbanacastello.es\/wp-content\/uploads\/2025\/11\/Logos-ZBE-pliegos-1024x105.png 1024w, https:\/\/agendaurbanacastello.es\/wp-content\/uploads\/2025\/11\/Logos-ZBE-pliegos-300x31.png 300w, https:\/\/agendaurbanacastello.es\/wp-content\/uploads\/2025\/11\/Logos-ZBE-pliegos-768x79.png 768w, https:\/\/agendaurbanacastello.es\/wp-content\/uploads\/2025\/11\/Logos-ZBE-pliegos-1536x158.png 1536w, https:\/\/agendaurbanacastello.es\/wp-content\/uploads\/2025\/11\/Logos-ZBE-pliegos-18x2.png 18w, https:\/\/agendaurbanacastello.es\/wp-content\/uploads\/2025\/11\/Logos-ZBE-pliegos.png 1823w\" sizes=\"(max-width: 1024px) 100vw, 1024px\" \/><\/figure>","protected":false},"excerpt":{"rendered":"<p>Con la finalizaci\u00f3n de los trabajos de jardiner\u00eda y arbolado en las calles Amadeo I y Dolores, concluye la segunda fase de la Zona de Bajas Emisiones (ZBE), una actuaci\u00f3n que ha contado con una inversi\u00f3n superior a 11 millones de euros procedentes de fondos de la Uni\u00f3n Europea<\/p>","protected":false},"author":1,"featured_media":3170,"comment_status":"closed","ping_status":"closed","sticky":false,"template":"","format":"standard","meta":{"_monsterinsights_skip_tracking":false,"_monsterinsights_sitenote_active":false,"_monsterinsights_sitenote_note":"","_monsterinsights_sitenote_category":0},"categories":[1],"tags":[78,45,61,178,77,44,116,208,52],"acf":[],"_links":{"self":[{"href":"https:\/\/agendaurbanacastello.es\/va\/wp-json\/wp\/v2\/posts\/3169"}],"collection":[{"href":"https:\/\/agendaurbanacastello.es\/va\/wp-json\/wp\/v2\/posts"}],"about":[{"href":"https:\/\/agendaurbanacastello.es\/va\/wp-json\/wp\/v2\/types\/post"}],"author":[{"embeddable":true,"href":"https:\/\/agendaurbanacastello.es\/va\/wp-json\/wp\/v2\/users\/1"}],"replies":[{"embeddable":true,"href":"https:\/\/agendaurbanacastello.es\/va\/wp-json\/wp\/v2\/comments?post=3169"}],"version-history":[{"count":1,"href":"https:\/\/agendaurbanacastello.es\/va\/wp-json\/wp\/v2\/posts\/3169\/revisions"}],"predecessor-version":[{"id":3171,"href":"https:\/\/agendaurbanacastello.es\/va\/wp-json\/wp\/v2\/posts\/3169\/revisions\/3171"}],"wp:featuredmedia":[{"embeddable":true,"href":"https:\/\/agendaurbanacastello.es\/va\/wp-json\/wp\/v2\/media\/3170"}],"wp:attachment":[{"href":"https:\/\/agendaurbanacastello.es\/va\/wp-json\/wp\/v2\/media?parent=3169"}],"wp:term":[{"taxonomy":"category","embeddable":true,"href":"https:\/\/agendaurbanacastello.es\/va\/wp-json\/wp\/v2\/categories?post=3169"},{"taxonomy":"post_tag","embeddable":true,"href":"https:\/\/agendaurbanacastello.es\/va\/wp-json\/wp\/v2\/tags?post=3169"}],"curies":[{"name":"wp","href":"https:\/\/api.w.org\/{rel}","templated":true}]}}