{"id":3318,"date":"2026-04-28T07:45:00","date_gmt":"2026-04-28T07:45:00","guid":{"rendered":"https:\/\/agendaurbanacastello.es\/?p=3318"},"modified":"2026-04-29T08:19:52","modified_gmt":"2026-04-29T08:19:52","slug":"el-marketplace-de-castellon-supera-los-1-100-usuarios","status":"publish","type":"post","link":"https:\/\/agendaurbanacastello.es\/va\/el-marketplace-de-castellon-supera-los-1-100-usuarios\/","title":{"rendered":"El marketplace de Castell\u00f3n supera los 1.100 usuarios"},"content":{"rendered":"<h2>El Ayuntamiento amplia el servicio incorporando dos nuevas taquillas inteligentes en el centro comercial Estepark y zona del parking Goliat<\/h2>\n\n\n\n<p><\/p>\n\n\n\n<p>El marketplace municipal <a href=\"https:\/\/comerciocastellon.es\/es\" target=\"_blank\" rel=\"noreferrer noopener\" title=\"comerciocastellon.es\">comerciocastellon.es<\/a> contin\u00faa consolid\u00e1ndose como una herramienta clave para la modernizaci\u00f3n y el impulso del comercio de proximidad en la ciudad de Castell\u00f3n, superando ya los 1.100 usuarios registrados y alcanzando m\u00e1s de 1.080 pedidos realizados desde su puesta en marcha. As\u00ed lo ha destacado el concejal de Comercio y Consumo, Alberto Vidal, quien ha subrayado que \u201cla plataforma ha dejado atr\u00e1s su fase inicial para convertirse en un sistema plenamente operativo, en crecimiento constante y cada vez m\u00e1s integrado en la din\u00e1mica comercial de la ciudad\u201d.<\/p>\n\n\n\n<p>En esta l\u00ednea, Vidal ha puesto en valor los \u201cdatos de actividad y el impacto econ\u00f3mico que est\u00e1 generando el sistema, que ya ha canalizado m\u00e1s de 67.500 euros en ventas directas al comercio local\u201d. Asimismo, ha se\u00f1alado \u201cel buen funcionamiento del sistema de taquillas inteligentes vinculadas al marketplace, que supera ya los 1.350 usos y se consolida como una alternativa c\u00f3moda, moderna y eficiente que facilita a la ciudadan\u00eda la compra online y la recogida flexible de productos en diferentes puntos de la ciudad\u201d.<\/p>\n\n\n\n<h3>Incorporaci\u00f3n de dos nuevas taquillas y nuevo contrato de log\u00edstica<\/h3>\n\n\n\n<p>En cuanto a la ampliaci\u00f3n del servicio, el edil ha anunciado la incorporaci\u00f3n de dos nuevas taquillas inteligentes, que se ubicar\u00e1n en el centro comercial Estepark y en el distrito este, concretamente en la zona del parking de Goliat. Esta actuaci\u00f3n supondr\u00e1 una inversi\u00f3n de 70.000 euros y tiene como objetivo seguir reforzando la cobertura del servicio y acercarlo a nuevas zonas de la ciudad donde se ha detectado mayor demanda.<\/p>\n\n\n\n<p>Por otro lado, tambi\u00e9n ha se\u00f1alado la necesidad de renovar el actual contrato de log\u00edstica y gesti\u00f3n del sistema, que finaliza el pr\u00f3ximo mes de junio. Esta renovaci\u00f3n contar\u00e1 con una inversi\u00f3n de 120.000 euros, garantizando as\u00ed la continuidad y correcto funcionamiento del sistema. Ambas actuaciones se incorporar\u00e1n gracias a la aprobaci\u00f3n de la incorporaci\u00f3n de remanentes en el pr\u00f3ximo pleno ordinario del jueves.<\/p>\n\n\n\n<h3>Impulso al comercio local con el 98% del presupuesto ejecutado<\/h3>\n\n\n\n<p>Por otro lado, Vidal ha destacado que \u201cla concejal\u00eda de Comercio y Consumo contin\u00faa desarrollando una estrategia integral de apoyo al comercio local, con el 98% del presupuesto del \u00e1rea ya comprometido, lo que refleja el alto grado de ejecuci\u00f3n y el intenso trabajo que se est\u00e1 llevando a cabo para impulsar el sector. Este nivel de planificaci\u00f3n y gesti\u00f3n evidencia una apuesta firme por reforzar el comercio de proximidad como eje econ\u00f3mico y social del municipio\u201d.<\/p>\n\n\n\n<p>En este sentido, ha explicado que \u201cse est\u00e1 trabajando de manera coordinada con las asociaciones comerciales del municipio para impulsar medidas estructurales que permitan fortalecer el sector a largo plazo, combinando una estrategia activa en redes sociales, campa\u00f1as de visibilizaci\u00f3n y eventos de dinamizaci\u00f3n comercial. Todo ello orientado a fomentar la digitalizaci\u00f3n, adaptarse a los nuevos h\u00e1bitos de consumo y consolidar un modelo de comercio m\u00e1s moderno, accesible y competitivo en la ciudad de Castell\u00f3n\u201d.<\/p>\n\n\n\n<h3>Un proyecto impulsado con fondos europeos en el marco de la Agenda Urbana de Castell\u00f3n <\/h3>\n\n\n\n<p>El proyecto \u201c<a href=\"https:\/\/www.castello.es\/es\/proyectos#contenido3840334\" target=\"_blank\" rel=\"noreferrer noopener\" title=\"Modernizaci\u00f3n sostenible y accesible de los comercios de Castell\u00f3n de la Plana\">Modernizaci\u00f3n sostenible y accesible de los comercios de Castell\u00f3n de la Plana<\/a>\u201d ejecutado por el Ayuntamiento es una iniciativa del Ministerio de Econom\u00eda, Comercio y Empresa en el marco del <a href=\"https:\/\/planderecuperacion.gob.es\/\" target=\"_blank\" rel=\"noreferrer noopener\" title=\"Plan de Recuperaci\u00f3n, Transformaci\u00f3n y Resiliencia\">Plan de Recuperaci\u00f3n, Transformaci\u00f3n y Resiliencia<\/a> financiado por la Uni\u00f3n Europea-Next Generation EU.<\/p>\n\n\n\n<p>La modernizaci\u00f3n y digitalizaci\u00f3n del comercio local forma parte del plan de acci\u00f3n de la <a href=\"https:\/\/agendaurbanacastello.es\/va\/\" target=\"_blank\" rel=\"noreferrer noopener\" title=\"Agenda Urbana de Castell\u00f3n\">Agenda Urbana de Castell\u00f3n<\/a>. Por una parte esta directamente ligado al proyecto prioritario <a href=\"https:\/\/agendaurbanacastello.es\/va\/ficha\/talento-emprendimiento-industria-y-comercio\/\" target=\"_blank\" rel=\"noreferrer noopener\" title=\"Talento, Emprendimiento, Industria y Comercio\">Talento, Emprendimiento, Industria y Comercio<\/a> que sigue apostando por un modelo econ\u00f3mico basado en el conocimiento y la innovaci\u00f3n. Por la otra, al proyecto <a href=\"https:\/\/agendaurbanacastello.es\/va\/ficha\/transformacion-digital-urbana\/\" target=\"_blank\" rel=\"noreferrer noopener\" title=\"Transformaci\u00f3 Digital Urbana\">Transformaci\u00f3 Digital Urbana<\/a>, para seguir avanzando hacia un modelo de ciudad inteligente e innovador introduciendo nuevas tecnolog\u00edas disruptivas para optimizar y simplificar los procesos internos y facilitar nuevos servicios a la ciudadan\u00eda.<\/p>\n\n\n\n<p><\/p>","protected":false},"excerpt":{"rendered":"<p>El marketplace municipal comerciocastellon.es contin\u00faa consolid\u00e1ndose como una herramienta clave para la modernizaci\u00f3n del comercio local en Castell\u00f3n, superando ya los 1.100 usuarios registrados y m\u00e1s de 1.080 pedidos realizados<\/p>","protected":false},"author":1,"featured_media":2725,"comment_status":"closed","ping_status":"closed","sticky":false,"template":"","format":"standard","meta":{"_monsterinsights_skip_tracking":false,"_monsterinsights_sitenote_active":false,"_monsterinsights_sitenote_note":"","_monsterinsights_sitenote_category":0},"categories":[1],"tags":[86,143,133,45,145,48,44,95,60],"acf":[],"_links":{"self":[{"href":"https:\/\/agendaurbanacastello.es\/va\/wp-json\/wp\/v2\/posts\/3318"}],"collection":[{"href":"https:\/\/agendaurbanacastello.es\/va\/wp-json\/wp\/v2\/posts"}],"about":[{"href":"https:\/\/agendaurbanacastello.es\/va\/wp-json\/wp\/v2\/types\/post"}],"author":[{"embeddable":true,"href":"https:\/\/agendaurbanacastello.es\/va\/wp-json\/wp\/v2\/users\/1"}],"replies":[{"embeddable":true,"href":"https:\/\/agendaurbanacastello.es\/va\/wp-json\/wp\/v2\/comments?post=3318"}],"version-history":[{"count":2,"href":"https:\/\/agendaurbanacastello.es\/va\/wp-json\/wp\/v2\/posts\/3318\/revisions"}],"predecessor-version":[{"id":3320,"href":"https:\/\/agendaurbanacastello.es\/va\/wp-json\/wp\/v2\/posts\/3318\/revisions\/3320"}],"wp:featuredmedia":[{"embeddable":true,"href":"https:\/\/agendaurbanacastello.es\/va\/wp-json\/wp\/v2\/media\/2725"}],"wp:attachment":[{"href":"https:\/\/agendaurbanacastello.es\/va\/wp-json\/wp\/v2\/media?parent=3318"}],"wp:term":[{"taxonomy":"category","embeddable":true,"href":"https:\/\/agendaurbanacastello.es\/va\/wp-json\/wp\/v2\/categories?post=3318"},{"taxonomy":"post_tag","embeddable":true,"href":"https:\/\/agendaurbanacastello.es\/va\/wp-json\/wp\/v2\/tags?post=3318"}],"curies":[{"name":"wp","href":"https:\/\/api.w.org\/{rel}","templated":true}]}}