{"id":3433,"date":"2026-08-28T08:52:00","date_gmt":"2026-08-28T08:52:00","guid":{"rendered":"https:\/\/agendaurbanacastello.es\/?p=3433"},"modified":"2026-09-03T11:12:19","modified_gmt":"2026-09-03T11:12:19","slug":"el-centro-senior-de-vida-activa-y-saludable-acogera-la-nueva-programacion-del-aula-uned-senior","status":"publish","type":"post","link":"https:\/\/agendaurbanacastello.es\/va\/el-centro-senior-de-vida-activa-y-saludable-acogera-la-nueva-programacion-del-aula-uned-senior\/","title":{"rendered":"El Centro S\u00e9nior de Vida Activa y Saludable acoger\u00e1 la nueva programaci\u00f3n del Aula UNED S\u00e9nior"},"content":{"rendered":"<h2>Un espacio para que las personas mayores  puedan continuar form\u00e1ndose<\/h2>\n\n\n\n<p><br>L' <a href=\"https:\/\/ceacastellon.es\/\" target=\"_blank\" rel=\"noreferrer noopener\" title=\"Centro S\u00e9nior de Vida Activa y Saludable\">Centro S\u00e9nior de Vida Activa y Saludable<\/a>, situado en el n\u00famero 4 de la calle Antonio Maura, acoger\u00e1 durante el curso 2026-2027 la nueva programaci\u00f3n del Aula UNED S\u00e9nior de Castell\u00f3n. Este espacio municipal tomar\u00e1 el relevo del Casal Jove del Grao, donde se puso en marcha esta iniciativa formativa dirigida a personas mayores de 55 a\u00f1os.<\/p>\n\n\n\n<p>El plazo de matr\u00edcula comenzar\u00e1 el pr\u00f3ximo 14 de septiembre. Las inscripciones podr\u00e1n formalizarse en el Negociado de Mayores, ubicado en la plaza Juez Borrull, los lunes, martes, jueves y viernes, en horario de 11.00 a 13.00 horas.<\/p>\n\n\n\n<p>La concejala de Gente Mayor, Clara Adsuara, ha destacado que \u201c el Centro S\u00e9nior de Vida Activa y Saludable permitir\u00e1 ofrecer al alumnado un espacio m\u00e1s amplio, c\u00f3modo y plenamente dedicado al encuentro, el aprendizaje y la participaci\u00f3n de las personas mayores\u201d. Adsuara ha se\u00f1alado:\u201cQueremos seguir ampliando las oportunidades de formaci\u00f3n y convivencia para nuestros mayores. Aprender, compartir experiencias y adquirir nuevos conocimientos contribuye a mantener activa la mente, fortalecer las relaciones sociales y mejorar su bienestar\u201d.<\/p>\n\n\n\n<figure class=\"wp-block-image size-large\"><img loading=\"lazy\" width=\"681\" height=\"1024\" src=\"https:\/\/agendaurbanacastello.es\/wp-content\/uploads\/2022\/06\/CEAS-Fachada-681x1024.jpg\" alt=\"\" class=\"wp-image-1871\" srcset=\"https:\/\/agendaurbanacastello.es\/wp-content\/uploads\/2022\/06\/CEAS-Fachada-681x1024.jpg 681w, https:\/\/agendaurbanacastello.es\/wp-content\/uploads\/2022\/06\/CEAS-Fachada-200x300.jpg 200w, https:\/\/agendaurbanacastello.es\/wp-content\/uploads\/2022\/06\/CEAS-Fachada-768x1154.jpg 768w, https:\/\/agendaurbanacastello.es\/wp-content\/uploads\/2022\/06\/CEAS-Fachada-1022x1536.jpg 1022w, https:\/\/agendaurbanacastello.es\/wp-content\/uploads\/2022\/06\/CEAS-Fachada-1363x2048.jpg 1363w, https:\/\/agendaurbanacastello.es\/wp-content\/uploads\/2022\/06\/CEAS-Fachada-8x12.jpg 8w, https:\/\/agendaurbanacastello.es\/wp-content\/uploads\/2022\/06\/CEAS-Fachada-scaled.jpg 1704w\" sizes=\"(max-width: 681px) 100vw, 681px\" \/><figcaption>Centro Senior de Vida Activa y Saludable<\/figcaption><\/figure>\n\n\n\n<h3>Compromiso con el envejecimiento activo y saludable<\/h3>\n\n\n\n<p>Esta nueva programaci\u00f3n refleja el compromiso del equipo de gobierno con el envejecimiento activo y saludable. El <a href=\"https:\/\/www.castello.es\/es\/\" target=\"_blank\" rel=\"noreferrer noopener\" title=\"Ayuntamiento de Castell\u00f3n\">Ayuntamiento de Castell\u00f3n<\/a> pone a disposici\u00f3n de las personas mayores un espacio accesible y preparado para que puedan continuar form\u00e1ndose y disfrutando de nuevas experiencias. Para ello, la oferta acad\u00e9mica del nuevo curso incluir\u00e1 materias como Filosof\u00eda, Inteligencia Artificial, Yoga, Historia del Arte y Comunicaci\u00f3n, adem\u00e1s de otras asignaturas y actividades que formar\u00e1n parte de la programaci\u00f3n completa.<\/p>\n\n\n\n<p>El Aula UNED S\u00e9nior ofrece una formaci\u00f3n flexible, adaptada a los intereses y necesidades de las personas mayores, sin ex\u00e1menes ni requisitos acad\u00e9micos previos. Su finalidad es favorecer el aprendizaje permanente, la participaci\u00f3n social y el intercambio de conocimientos y experiencias.<\/p>\n\n\n\n<p>La preinscripci\u00f3n ya est\u00e1 abierta. Las plazas son limitadas hasta completar el aforo y tendr\u00e1n preferencia en el proceso de matr\u00edcula las personas que la hayan formalizado previamente.<\/p>\n\n\n\n<figure class=\"wp-block-image size-large\"><img loading=\"lazy\" width=\"1024\" height=\"579\" src=\"https:\/\/agendaurbanacastello.es\/wp-content\/uploads\/2022\/06\/CEAS-Actividad-Fisica-1024x579.png\" alt=\"\" class=\"wp-image-1868\" srcset=\"https:\/\/agendaurbanacastello.es\/wp-content\/uploads\/2022\/06\/CEAS-Actividad-Fisica-1024x579.png 1024w, https:\/\/agendaurbanacastello.es\/wp-content\/uploads\/2022\/06\/CEAS-Actividad-Fisica-300x170.png 300w, https:\/\/agendaurbanacastello.es\/wp-content\/uploads\/2022\/06\/CEAS-Actividad-Fisica-768x434.png 768w, https:\/\/agendaurbanacastello.es\/wp-content\/uploads\/2022\/06\/CEAS-Actividad-Fisica-1536x868.png 1536w, https:\/\/agendaurbanacastello.es\/wp-content\/uploads\/2022\/06\/CEAS-Actividad-Fisica-2048x1157.png 2048w, https:\/\/agendaurbanacastello.es\/wp-content\/uploads\/2022\/06\/CEAS-Actividad-Fisica-18x10.png 18w\" sizes=\"(max-width: 1024px) 100vw, 1024px\" \/><figcaption>Acciones para fomentar la actividad f\u00edsica entre las personas mayores <\/figcaption><\/figure>\n\n\n\n<h3>El envejecimiento activo, clave para la Agenda Urbana de Castell\u00f3n <\/h3>\n\n\n\n<p>La nueva programaci\u00f3n del Aula UNED S\u00e9nior, que desde septiembre se desarrollar\u00e1 en el Centro S\u00e9nior de Vida Activa y Saludable de Castell\u00f3, refuerza el compromiso de la ciudad con la promoci\u00f3n de oportunidades de formaci\u00f3n, participaci\u00f3n y bienestar para las personas mayores. <\/p>\n\n\n\n<p>Esta iniciativa se alinea plenamente con el proyecto<a href=\"https:\/\/agendaurbanacastello.es\/va\/ficha\/envejecimiento-activo-y-saludable\/\" target=\"_blank\" rel=\"noreferrer noopener\" title=\" \u201cEnvejecimiento Activo y Saludable\u201d\"> \u201cEnvejecimiento Activo y Saludable\u201d<\/a> de la <a href=\"https:\/\/agendaurbanacastello.es\/va\/\" target=\"_blank\" rel=\"noreferrer noopener\" title=\"Agenda Urbana de Castell\u00f3n\">Agenda Urbana de Castell\u00f3n<\/a>, una estrategia que impulsa acciones destinadas a favorecer la autonom\u00eda, la inclusi\u00f3n social y la mejora de la calidad de vida de la poblaci\u00f3n s\u00e9nior. A trav\u00e9s de propuestas educativas como las de UNED S\u00e9nior, se fomenta el aprendizaje permanente, la socializaci\u00f3n y la participaci\u00f3n activa en la vida comunitaria, contribuyendo a construir una ciudad m\u00e1s saludable, inclusiva y adaptada a las necesidades de todas las edades.<\/p>","protected":false},"excerpt":{"rendered":"<p>El plazo de matr\u00edcula comenzar\u00e1 el 14 de septiembre en el Negociado de Mayores los lunes, martes, jueves y viernes de 11 a 13 horas<\/p>","protected":false},"author":1,"featured_media":3434,"comment_status":"closed","ping_status":"closed","sticky":false,"template":"","format":"standard","meta":{"_monsterinsights_skip_tracking":false,"_monsterinsights_sitenote_active":false,"_monsterinsights_sitenote_note":"","_monsterinsights_sitenote_category":0},"categories":[1],"tags":[50,55,84,48,114,122],"acf":[],"_links":{"self":[{"href":"https:\/\/agendaurbanacastello.es\/va\/wp-json\/wp\/v2\/posts\/3433"}],"collection":[{"href":"https:\/\/agendaurbanacastello.es\/va\/wp-json\/wp\/v2\/posts"}],"about":[{"href":"https:\/\/agendaurbanacastello.es\/va\/wp-json\/wp\/v2\/types\/post"}],"author":[{"embeddable":true,"href":"https:\/\/agendaurbanacastello.es\/va\/wp-json\/wp\/v2\/users\/1"}],"replies":[{"embeddable":true,"href":"https:\/\/agendaurbanacastello.es\/va\/wp-json\/wp\/v2\/comments?post=3433"}],"version-history":[{"count":1,"href":"https:\/\/agendaurbanacastello.es\/va\/wp-json\/wp\/v2\/posts\/3433\/revisions"}],"predecessor-version":[{"id":3435,"href":"https:\/\/agendaurbanacastello.es\/va\/wp-json\/wp\/v2\/posts\/3433\/revisions\/3435"}],"wp:featuredmedia":[{"embeddable":true,"href":"https:\/\/agendaurbanacastello.es\/va\/wp-json\/wp\/v2\/media\/3434"}],"wp:attachment":[{"href":"https:\/\/agendaurbanacastello.es\/va\/wp-json\/wp\/v2\/media?parent=3433"}],"wp:term":[{"taxonomy":"category","embeddable":true,"href":"https:\/\/agendaurbanacastello.es\/va\/wp-json\/wp\/v2\/categories?post=3433"},{"taxonomy":"post_tag","embeddable":true,"href":"https:\/\/agendaurbanacastello.es\/va\/wp-json\/wp\/v2\/tags?post=3433"}],"curies":[{"name":"wp","href":"https:\/\/api.w.org\/{rel}","templated":true}]}}