{"id":3436,"date":"2026-08-24T10:11:00","date_gmt":"2026-08-24T10:11:00","guid":{"rendered":"https:\/\/agendaurbanacastello.es\/?p=3436"},"modified":"2026-09-03T11:11:01","modified_gmt":"2026-09-03T11:11:01","slug":"ayudas-a-la-rehabilitacion-de-edificios","status":"publish","type":"post","link":"https:\/\/agendaurbanacastello.es\/va\/ayudas-a-la-rehabilitacion-de-edificios\/","title":{"rendered":"Ayudas a la rehabilitaci\u00f3n de edificios"},"content":{"rendered":"<h2>Convocatoria para mejorar la conservaci\u00f3n y seguridad del parque residencial<\/h2>\n\n\n\n<p>L' <a href=\"https:\/\/www.castello.es\/es\/inicio\" target=\"_blank\" rel=\"noreferrer noopener\" title=\"Ayuntamiento de Castell\u00f3n\">Ayuntamiento de Castell\u00f3n<\/a> ha recibido, hasta la fecha, 41 solicitudes para acogerse a las ayudas municipales destinadas a la rehabilitaci\u00f3n de edificios residenciales, cuyo plazo de presentaci\u00f3n permanecer\u00e1 abierto hasta el pr\u00f3ximo lunes 31 de agosto. La convocatoria, impulsada desde la concejal\u00eda de Vivienda, cuenta con una dotaci\u00f3n m\u00e1xima de 501.428 euros y est\u00e1 dirigida tanto a edificios residenciales colectivos como a viviendas unifamiliares del t\u00e9rmino municipal.<\/p>\n\n\n\n<p>La concejala de Vivienda, Ester Giner, ha destacado que &#8220;estas 41 solicitudes demuestran el inter\u00e9s por unas ayudas que tienen un objetivo muy claro: mejorar nuestros edificios y, con ello, la calidad de vida de las castellonenses y los castellonenses. Desde este equipo de gobierno mantenemos una apuesta constante por mejorar nuestros barrios y por poner recursos a disposici\u00f3n de los vecinos para que puedan actuar sobre sus viviendas&#8221;.<\/p>\n\n\n\n<p>Giner ha recordado que todav\u00eda quedan varios d\u00edas para presentar las solicitudes y ha animado a comunidades de propietarios y propietarios de viviendas que cumplan los requisitos a acogerse a esta l\u00ednea municipal antes de que finalice el plazo.<\/p>\n\n\n\n<p>&#8220;Rehabilitar un edificio no significa \u00fanicamente mejorar una fachada o realizar una reparaci\u00f3n. Supone mejorar la seguridad, la conservaci\u00f3n y las condiciones en las que viven muchas familias. Queremos acompa\u00f1ar a las vecinas y vecinos en ese esfuerzo y contribuir a que nuestros barrios est\u00e9n cada vez m\u00e1s cuidados&#8221;, ha se\u00f1alado la edil.<\/p>\n\n\n\n<h3>Mejoras en edificios y viviendas<\/h3>\n\n\n\n<p>Las ayudas est\u00e1n destinadas a actuaciones relacionadas con la conservaci\u00f3n de los inmuebles, entre ellas intervenciones en cimentaciones y estructuras, cubiertas, azoteas, fachadas y medianeras, adem\u00e1s de determinadas instalaciones de electricidad, fontaner\u00eda, gas, saneamiento o telecomunicaciones. Tambi\u00e9n se contempla la retirada y gesti\u00f3n de elementos con amianto en los supuestos recogidos en las bases.<\/p>\n\n\n\n<p>Las subvenciones pueden cubrir hasta el 100% del presupuesto protegible. Con car\u00e1cter general, en los edificios residenciales colectivos pueden alcanzar un m\u00e1ximo de 15.000 euros por edificio y 3.000 euros por vivienda, mientras que para las viviendas unifamiliares el l\u00edmite m\u00e1ximo es de 4.000 euros. En los supuestos de actuaciones urgentes que puedan comprometer la seguridad de las personas, las ayudas pueden alcanzar los 30.000 euros por edificio y los 5.000 euros por vivienda.<\/p>\n\n\n\n<h3>Plazo abierto hasta el 31 de agosto<\/h3>\n\n\n\n<p>Pueden acogerse a estas subvenciones las comunidades de propietarios, las personas f\u00edsicas o jur\u00eddicas propietarias \u00fanicas de edificios residenciales colectivos y los propietarios de viviendas unifamiliares que re\u00fanan los requisitos establecidos en las bases.<\/p>\n\n\n\n<p>Las solicitudes deben presentarse telem\u00e1ticamente a trav\u00e9s de la sede electr\u00f3nica del Ayuntamiento de Castell\u00f3n, accediendo al tr\u00e1mite correspondiente dentro del apartado de subvenciones. El plazo permanecer\u00e1 abierto hasta el lunes 31 de agosto, incluido.<\/p>\n\n\n\n<h3>Estas ayudas impulsan los objetivos del Plan de Acci\u00f3n de la Agenda Urbana de Castell\u00f3n<\/h3>\n\n\n\n<p>La elevada respuesta ciudadana a la convocatoria municipal de ayudas para la rehabilitaci\u00f3n de edificios evidencia el avance de Castell\u00f3n hacia un modelo urbano m\u00e1s sostenible, seguro y habitable. Esta iniciativa se alinea directamente con el proyecto<strong>\u201c<\/strong><a href=\"https:\/\/agendaurbanacastello.es\/va\/ficha\/regeneracion-y-rehabilitacion-urbana\/\" target=\"_blank\" rel=\"noreferrer noopener\" title=\"Regeneraci\u00f3 i Rehabilitaci\u00f3 Urbana\">Regeneraci\u00f3 i Rehabilitaci\u00f3 Urbana<\/a><strong>\u201d<\/strong> de la <a href=\"https:\/\/agendaurbanacastello.es\/va\/\" target=\"_blank\" rel=\"noreferrer noopener\" title=\"Agenda Urbana de Castell\u00f3n\">Agenda Urbana de Castell\u00f3n<\/a>, cuyo objetivo es fomentar la mejora del parque residencial mediante instrumentos de apoyo, asesoramiento y acompa\u00f1amiento a la ciudadan\u00eda en los procesos de rehabilitaci\u00f3n. <\/p>\n\n\n\n<p>Las actuaciones subvencionables, orientadas a mejorar la conservaci\u00f3n, seguridad y habitabilidad de los inmuebles, contribuyen a la regeneraci\u00f3n de los barrios y a la mejora de la calidad de vida de sus habitantes, reforzando as\u00ed una de las l\u00edneas estrat\u00e9gicas del Plan de Acci\u00f3n Local para la transformaci\u00f3n urbana sostenible de la ciudad.<\/p>","protected":false},"excerpt":{"rendered":"<p>El plazo se mantiene abierto hasta el 31 de agosto. Las subvenciones pueden cubrir hasta el 100% de las actuaciones y alcanzar los 30.000 euros por edificio <\/p>","protected":false},"author":1,"featured_media":3437,"comment_status":"closed","ping_status":"closed","sticky":false,"template":"","format":"standard","meta":{"_monsterinsights_skip_tracking":false,"_monsterinsights_sitenote_active":false,"_monsterinsights_sitenote_note":"","_monsterinsights_sitenote_category":0},"categories":[1],"tags":[48,122,51],"acf":[],"_links":{"self":[{"href":"https:\/\/agendaurbanacastello.es\/va\/wp-json\/wp\/v2\/posts\/3436"}],"collection":[{"href":"https:\/\/agendaurbanacastello.es\/va\/wp-json\/wp\/v2\/posts"}],"about":[{"href":"https:\/\/agendaurbanacastello.es\/va\/wp-json\/wp\/v2\/types\/post"}],"author":[{"embeddable":true,"href":"https:\/\/agendaurbanacastello.es\/va\/wp-json\/wp\/v2\/users\/1"}],"replies":[{"embeddable":true,"href":"https:\/\/agendaurbanacastello.es\/va\/wp-json\/wp\/v2\/comments?post=3436"}],"version-history":[{"count":1,"href":"https:\/\/agendaurbanacastello.es\/va\/wp-json\/wp\/v2\/posts\/3436\/revisions"}],"predecessor-version":[{"id":3438,"href":"https:\/\/agendaurbanacastello.es\/va\/wp-json\/wp\/v2\/posts\/3436\/revisions\/3438"}],"wp:featuredmedia":[{"embeddable":true,"href":"https:\/\/agendaurbanacastello.es\/va\/wp-json\/wp\/v2\/media\/3437"}],"wp:attachment":[{"href":"https:\/\/agendaurbanacastello.es\/va\/wp-json\/wp\/v2\/media?parent=3436"}],"wp:term":[{"taxonomy":"category","embeddable":true,"href":"https:\/\/agendaurbanacastello.es\/va\/wp-json\/wp\/v2\/categories?post=3436"},{"taxonomy":"post_tag","embeddable":true,"href":"https:\/\/agendaurbanacastello.es\/va\/wp-json\/wp\/v2\/tags?post=3436"}],"curies":[{"name":"wp","href":"https:\/\/api.w.org\/{rel}","templated":true}]}}