{"id":3439,"date":"2026-08-23T11:35:00","date_gmt":"2026-08-23T11:35:00","guid":{"rendered":"https:\/\/agendaurbanacastello.es\/?p=3439"},"modified":"2026-09-03T12:18:12","modified_gmt":"2026-09-03T12:18:12","slug":"censal-parc-comienza-a-hacerse-realidad","status":"publish","type":"post","link":"https:\/\/agendaurbanacastello.es\/va\/censal-parc-comienza-a-hacerse-realidad\/","title":{"rendered":"Censal Parc comienza a hacerse realidad"},"content":{"rendered":"<h2>El desbroce y vallado de los 40.000 metros cuadrados de la primera fase marca el inicio efectivo del proyecto <\/h2>\n\n\n\n<p><a href=\"https:\/\/www.castello.es\/es\/operaciones1#contenido5199213\" target=\"_blank\" rel=\"noreferrer noopener\" title=\"Censal Parc\">Censal Parc<\/a> ha comenzado a hacerse realidad. Durante este mes de agosto se han iniciado los primeros trabajos sobre el terreno con el desbroce completo de la superficie correspondiente a la primera fase y su posterior perimetrado y vallado. En total, se ha actuado ya sobre cerca de 40.000 metros cuadrados, dando as\u00ed el primer paso efectivo para la construcci\u00f3n del futuro gran bosque urbano de Castell\u00f3n.<\/p>\n\n\n\n<p>El concejal de Urbanismo e Infraestructuras, Sergio Toledo, ha destacado que &#8220;Censal Parc ya est\u00e1 en marcha. Durante d\u00e9cadas se ha hablado de este gran parque y ha sido el equipo de gobierno de Bego\u00f1a Carrasco el que ha dado el paso definitivo para comenzar a hacerlo realidad. Nos comprometimos a poner en marcha este proyecto durante esta legislatura y hoy ese compromiso se traduce ya en actuaciones concretas sobre el terreno&#8221;.<\/p>\n\n\n\n<p>Toledo ha visitado esta semana la zona acompa\u00f1ado por la arquitecta municipal Alba Mart\u00edn y el aparejador municipal Germ\u00e1n Huguet para comprobar el desarrollo de estos primeros trabajos. Las actuaciones ejecutadas hasta el momento han consistido en el desbroce integral de la parcela correspondiente a esta primera fase, la limpieza y preparaci\u00f3n del terreno y la instalaci\u00f3n del vallado perimetral que delimita la zona en la que se desarrollar\u00e1n las obras.<\/p>\n\n\n\n<figure class=\"wp-block-image size-large\"><img loading=\"lazy\" width=\"1024\" height=\"580\" src=\"https:\/\/agendaurbanacastello.es\/wp-content\/uploads\/2026\/03\/CENSAL-PARC-AEREA-1024x580.jpeg\" alt=\"\" class=\"wp-image-3238\" srcset=\"https:\/\/agendaurbanacastello.es\/wp-content\/uploads\/2026\/03\/CENSAL-PARC-AEREA-1024x580.jpeg 1024w, https:\/\/agendaurbanacastello.es\/wp-content\/uploads\/2026\/03\/CENSAL-PARC-AEREA-300x170.jpeg 300w, https:\/\/agendaurbanacastello.es\/wp-content\/uploads\/2026\/03\/CENSAL-PARC-AEREA-768x435.jpeg 768w, https:\/\/agendaurbanacastello.es\/wp-content\/uploads\/2026\/03\/CENSAL-PARC-AEREA-18x10.jpeg 18w, https:\/\/agendaurbanacastello.es\/wp-content\/uploads\/2026\/03\/CENSAL-PARC-AEREA.jpeg 1440w\" sizes=\"(max-width: 1024px) 100vw, 1024px\" \/><figcaption>Espacio urbano donde tendr\u00e1 lugar la operaci\u00f3n <\/figcaption><\/figure>\n\n\n\n<h3>Preparaci\u00f3n del terreno para comenzar la construcci\u00f3n<\/h3>\n\n\n\n<p>Estos trabajos previos permiten dejar preparada y delimitada toda la superficie sobre la que se ejecutar\u00e1 la primera fase del parque. Una vez finalizado el desbroce y el vallado, el siguiente paso ser\u00e1 el inicio de los trabajos propiamente dichos de construcci\u00f3n, previsto para la primera semana de septiembre.<\/p>\n\n\n\n<p>&#8220;Lo importante es que ya se est\u00e1 actuando. Hemos pasado de los planos y de los tr\u00e1mites administrativos a ver c\u00f3mo se trabaja f\u00edsicamente sobre el terreno. Primero con el desbroce, la limpieza y el vallado y, a continuaci\u00f3n, con el comienzo de la construcci\u00f3n del parque&#8221;, ha se\u00f1alado Toledo.<\/p>\n\n\n\n<p>La primera fase se desarrolla sobre una superficie cercana a los 40.000 metros cuadrados, entre el Cam\u00ed Almalafa, la calle Carcagente y la calle Fernando el Cat\u00f3lico. Las obras han sido adjudicadas por 6,2 millones de euros y cuentan con un plazo de ejecuci\u00f3n de diez meses.<\/p>\n\n\n\n<p>Esta actuaci\u00f3n permitir\u00e1 transformar el espacio con la creaci\u00f3n de un gran bosque mediterr\u00e1neo, zonas infantiles, espacios deportivos y biosaludables, \u00e1reas de sombra, zonas de estancia y elementos de agua, configurando un nuevo espacio pensado para el disfrute de vecinos de todas las edades.<\/p>\n\n\n\n<h3>Un proyecto esperado<\/h3>\n\n\n\n<p>El actual equipo de gobierno ha querido impulsar desde el principio una ciudad m\u00e1s verde, sostenible y saludable y este parque es uno de los principales ejemplos de ese compromiso. Censal Parc alcanzar\u00e1 en su conjunto los 122.000 metros cuadrados y se desarrollar\u00e1 mediante tres actuaciones hasta conectar el parque con el Palau de la Festa y la Ronda Este.<\/p>\n\n\n\n<p>Toledo ha insistido en que &#8220;estamos hablando de una transformaci\u00f3n urbana de enorme importancia para Castell\u00f3n, que permitir\u00e1 ganar un gran pulm\u00f3n verde, nuevos espacios de sombra y zonas para las familias, los ni\u00f1os y la pr\u00e1ctica deportiva. Y lo m\u00e1s importante es que esa transformaci\u00f3n ya ha comenzado&#8221;, ha concluido Toledo.<\/p>\n\n\n\n<figure class=\"wp-block-image size-large\"><img loading=\"lazy\" width=\"1024\" height=\"535\" src=\"https:\/\/agendaurbanacastello.es\/wp-content\/uploads\/2026\/05\/IMAGEN-11-ZONA-DE-PICNIC-1024x535.jpg\" alt=\"\" class=\"wp-image-3332\" srcset=\"https:\/\/agendaurbanacastello.es\/wp-content\/uploads\/2026\/05\/IMAGEN-11-ZONA-DE-PICNIC-1024x535.jpg 1024w, https:\/\/agendaurbanacastello.es\/wp-content\/uploads\/2026\/05\/IMAGEN-11-ZONA-DE-PICNIC-300x157.jpg 300w, https:\/\/agendaurbanacastello.es\/wp-content\/uploads\/2026\/05\/IMAGEN-11-ZONA-DE-PICNIC-768x401.jpg 768w, https:\/\/agendaurbanacastello.es\/wp-content\/uploads\/2026\/05\/IMAGEN-11-ZONA-DE-PICNIC-18x9.jpg 18w, https:\/\/agendaurbanacastello.es\/wp-content\/uploads\/2026\/05\/IMAGEN-11-ZONA-DE-PICNIC-860x450.jpg 860w, https:\/\/agendaurbanacastello.es\/wp-content\/uploads\/2026\/05\/IMAGEN-11-ZONA-DE-PICNIC.jpg 1408w\" sizes=\"(max-width: 1024px) 100vw, 1024px\" \/><figcaption>Imagen del futuro Censal Parc <\/figcaption><\/figure>\n\n\n\n<h3>Con el apoyo de la Uni\u00f3n Europea <\/h3>\n\n\n\n<p>Censal Parc forma parte del <a href=\"https:\/\/www.castello.es\/es\/plan-de-actuaci%C3%B3n-integrado\" target=\"_blank\" rel=\"noreferrer noopener\" title=\"Plan de Actuaci\u00f3n Integrado de Castell\u00f3n\">Plan de Actuaci\u00f3n Integrado de Castell\u00f3n<\/a> y cuenta con cofinanciaci\u00f3n del <a href=\"https:\/\/fondoseuropeos.gob.es\/es-es\/fondosprogramas\/feder\/progfeder\/Paginas\/programasfeder.aspx\" target=\"_blank\" rel=\"noreferrer noopener\" title=\"Fondo Europeo de Desarrollo Regional (FEDER)\">Fondo Europeo de Desarrollo Regional (FEDER)<\/a>, dentro del periodo de programaci\u00f3n 2021-2027. Este plan es la hoja de ruta del Ayuntamiento para transformar la ciudad en un entorno m\u00e1s sostenible, saludable y equitativo. Se trata de una estrategia integral que re\u00fane proyectos urbanos coordinados con un objetivo com\u00fan: mejorar la calidad de vida de la ciudadan\u00eda y avanzar hacia un modelo de ciudad m\u00e1s resiliente y respetuoso con el medio ambiente.<\/p>\n\n\n\n<h3>Alineado con la Agenda Urbana de Castell\u00f3n<\/h3>\n\n\n\n<p>El PAI Castell\u00f3n se desarrolla en coherencia con la <a href=\"https:\/\/agendaurbanacastello.es\/va\/\" target=\"_blank\" rel=\"noreferrer noopener\" title=\"Agenda Urbana de Castell\u00f3n\">Agenda Urbana de Castell\u00f3n<\/a>, el principal instrumento de planificaci\u00f3n estrat\u00e9gica de la ciudad. Esta agenda define el modelo de ciudad del futuro y orienta todas las pol\u00edticas municipales hacia un desarrollo m\u00e1s sostenible, inclusivo e innovador.<\/p>\n\n\n\n<p>Cada una de las actuaciones del PAI responde a los retos estrat\u00e9gicos identificados en la Agenda Urbana de Castell\u00f3n garantizando una planificaci\u00f3n integral que maximiza la transformaci\u00f3n sostenible de la ciudad. Se trata de proyectos dise\u00f1ados para responder a los retos locales y abordar de manera transversal los principales desaf\u00edos urbanos de Castell\u00f3n. En esta l\u00ednea, el inicio de los trabajos de Censal Parc materializa varios de los proyectos prioritarios recogidos en la Agenda Urbana. <\/p>\n\n\n\n<p>Esta actuaci\u00f3n se alinea con la <a href=\"https:\/\/agendaurbanacastello.es\/va\/ficha\/estrategia-de-renaturalizacion-municipal-y-restauracion-ecologica\/\" target=\"_blank\" rel=\"noreferrer noopener\" title=\"Estrat\u00e8gia de renaturalitzaci\u00f3 Municipal i Restauraci\u00f3 Ecol\u00f2gica\">Estrat\u00e8gia de renaturalitzaci\u00f3 Municipal i Restauraci\u00f3 Ecol\u00f2gica<\/a>, al incrementar la infraestructura verde urbana, favorecer la biodiversidad y contribuir a la adaptaci\u00f3n frente al cambio clim\u00e1tico. Asimismo, responde a los objetivos de <a href=\"https:\/\/agendaurbanacastello.es\/va\/ficha\/regeneracion-urbana-integrada-rui-espacio-publico-calidad\/\" title=\"Regeneraci\u00f3n Urbana Integrada (RUI) y Espacio P\u00fablico de Calidad\">Regeneraci\u00f3n Urbana Integrada (RUI) y Espacio P\u00fablico de Calidad<\/a>, al crear un nuevo espacio p\u00fablico accesible, inclusivo y de calidad para el disfrute de la ciudadan\u00eda. Del mismo modo, refuerza el proyecto <a href=\"https:\/\/agendaurbanacastello.es\/va\/ficha\/mejora-de-entornos-urbanos-para-una-vida-activa-y-saludable\/\" target=\"_blank\" rel=\"noreferrer noopener\" title=\"Mejora de Entornos Urbanos para una Vida Activa y Saludable\">Mejora de Entornos Urbanos para una Vida Activa y Saludable<\/a>, al generar un entorno que fomenta la actividad f\u00edsica, el contacto con la naturaleza, la convivencia y el bienestar de las personas. <\/p>\n\n\n\n<figure class=\"wp-block-image size-large\"><img loading=\"lazy\" width=\"1024\" height=\"341\" src=\"https:\/\/agendaurbanacastello.es\/wp-content\/uploads\/2025\/10\/Logos_PAI_2021_2027_Castellon-edited-1024x341.png\" alt=\"\" class=\"wp-image-3037\" srcset=\"https:\/\/agendaurbanacastello.es\/wp-content\/uploads\/2025\/10\/Logos_PAI_2021_2027_Castellon-edited-1024x341.png 1024w, https:\/\/agendaurbanacastello.es\/wp-content\/uploads\/2025\/10\/Logos_PAI_2021_2027_Castellon-edited-300x100.png 300w, https:\/\/agendaurbanacastello.es\/wp-content\/uploads\/2025\/10\/Logos_PAI_2021_2027_Castellon-edited-768x256.png 768w, https:\/\/agendaurbanacastello.es\/wp-content\/uploads\/2025\/10\/Logos_PAI_2021_2027_Castellon-edited-1536x511.png 1536w, https:\/\/agendaurbanacastello.es\/wp-content\/uploads\/2025\/10\/Logos_PAI_2021_2027_Castellon-edited-18x6.png 18w, https:\/\/agendaurbanacastello.es\/wp-content\/uploads\/2025\/10\/Logos_PAI_2021_2027_Castellon-edited.png 2000w\" sizes=\"(max-width: 1024px) 100vw, 1024px\" \/><\/figure>","protected":false},"excerpt":{"rendered":"<p>El nuevo bosque urbano de la ciudad forma parte del Plan de Actuaci\u00f3n Integrado de Castell\u00f3n cofinanciado con fondos europeos <\/p>","protected":false},"author":1,"featured_media":3440,"comment_status":"closed","ping_status":"closed","sticky":false,"template":"","format":"standard","meta":{"_monsterinsights_skip_tracking":false,"_monsterinsights_sitenote_active":false,"_monsterinsights_sitenote_note":"","_monsterinsights_sitenote_category":0},"categories":[1],"tags":[215,90,185,88,199],"acf":[],"_links":{"self":[{"href":"https:\/\/agendaurbanacastello.es\/va\/wp-json\/wp\/v2\/posts\/3439"}],"collection":[{"href":"https:\/\/agendaurbanacastello.es\/va\/wp-json\/wp\/v2\/posts"}],"about":[{"href":"https:\/\/agendaurbanacastello.es\/va\/wp-json\/wp\/v2\/types\/post"}],"author":[{"embeddable":true,"href":"https:\/\/agendaurbanacastello.es\/va\/wp-json\/wp\/v2\/users\/1"}],"replies":[{"embeddable":true,"href":"https:\/\/agendaurbanacastello.es\/va\/wp-json\/wp\/v2\/comments?post=3439"}],"version-history":[{"count":1,"href":"https:\/\/agendaurbanacastello.es\/va\/wp-json\/wp\/v2\/posts\/3439\/revisions"}],"predecessor-version":[{"id":3441,"href":"https:\/\/agendaurbanacastello.es\/va\/wp-json\/wp\/v2\/posts\/3439\/revisions\/3441"}],"wp:featuredmedia":[{"embeddable":true,"href":"https:\/\/agendaurbanacastello.es\/va\/wp-json\/wp\/v2\/media\/3440"}],"wp:attachment":[{"href":"https:\/\/agendaurbanacastello.es\/va\/wp-json\/wp\/v2\/media?parent=3439"}],"wp:term":[{"taxonomy":"category","embeddable":true,"href":"https:\/\/agendaurbanacastello.es\/va\/wp-json\/wp\/v2\/categories?post=3439"},{"taxonomy":"post_tag","embeddable":true,"href":"https:\/\/agendaurbanacastello.es\/va\/wp-json\/wp\/v2\/tags?post=3439"}],"curies":[{"name":"wp","href":"https:\/\/api.w.org\/{rel}","templated":true}]}}