{"id":3442,"date":"2026-08-22T07:58:00","date_gmt":"2026-08-22T07:58:00","guid":{"rendered":"https:\/\/agendaurbanacastello.es\/?p=3442"},"modified":"2026-09-04T08:41:13","modified_gmt":"2026-09-04T08:41:13","slug":"la-biblioteca-5-0-abrira-sus-puertas-en-septiembre","status":"publish","type":"post","link":"https:\/\/agendaurbanacastello.es\/va\/la-biblioteca-5-0-abrira-sus-puertas-en-septiembre\/","title":{"rendered":"La Biblioteca 5.0 abrir\u00e1 sus puertas en septiembre"},"content":{"rendered":"<h2>Un servicio m\u00e1s moderno, accesible y adaptado a las nuevas necesidades <\/h2>\n\n\n\n<p>La Biblioteca 5.0 de la calle Mayor abrir\u00e1 sus puertas el pr\u00f3ximo mes de septiembre, coincidiendo con el inicio del nuevo curso, una vez finalizadas las obras que han permitido transformar la antigua Biblioteca Municipal en un espacio moderno, funcional y adaptado a las nuevas necesidades de sus usuarios.<\/p>\n\n\n\n<p>La alcaldesa de Castell\u00f3n, Bego\u00f1a Carrasco, ha destacado que \u201ccon la finalizaci\u00f3n de estas obras cumplimos nuestro compromiso de mejorar los servicios municipales y de poner a disposici\u00f3n de los castellonenses una biblioteca m\u00e1s moderna, accesible y preparada para responder a las necesidades de usuarios de todas las edades\u201d.<\/p>\n\n\n\n<p>\u201cEsta actuaci\u00f3n refleja nuestra forma de gestionar: invertir en la mejora de los equipamientos p\u00fablicos para prestar cada vez un mejor servicio. En septiembre, los castellonenses podr\u00e1n disfrutar de un espacio renovado que facilitar\u00e1 la lectura, el estudio, el acceso a las nuevas tecnolog\u00edas y la celebraci\u00f3n de actividades culturales\u201d, ha se\u00f1alado Carrasco.<\/p>\n\n\n\n<h3>Un proyecto financiado con fondos europeos <\/h3>\n\n\n\n<p>La nueva biblioteca dispone de una superficie construida de 1.378 metros cuadrados, distribuida en cuatro plantas y un patio interior. Entre los elementos m\u00e1s destacados se encuentran un gran lucernario y un jard\u00edn vertical, que aportar\u00e1n luz natural y mejorar\u00e1n el confort de las instalaciones.<\/p>\n\n\n\n<p>La intervenci\u00f3n, con un presupuesto total de 4.442.719,18 euros, de los que 3.945.759,53 euros corresponden a las obras y 196.960,35 euros al mobiliario, ha permitido rehabilitar bajo criterios de sostenibilidad y eficiencia energ\u00e9tica la hist\u00f3rica Casa Andreu, un edificio del siglo XVIII situado en la calle Mayor. <\/p>\n\n\n\n<p>Una iniciativa incluida en el programa de <a href=\"https:\/\/www.mivau.gob.es\/ministerio\/proyectos-singulares\/prtr\/agenda_urbana_y_vivienda\/programa-de-impulso-a-la-rehabilitacion-de-edificios-publicos-de-entidades-locales-pirep-local\" target=\"_blank\" rel=\"noreferrer noopener\" title=\"Rehabilitaci\u00f3n de edificios de titularidad p\u00fablica a nivel local\">Rehabilitaci\u00f3n de edificios de titularidad p\u00fablica a nivel local<\/a> promovida por el <a href=\"https:\/\/www.mivau.gob.es\/\" target=\"_blank\" rel=\"noreferrer noopener\" title=\"Ministerio de Vivienda y Agenda Urbana\">Ministerio de Vivienda y Agenda Urbana<\/a> que est\u00e1 cofinanciada con fondos europeos Next Generation en el marco del <a href=\"https:\/\/planderecuperacion.gob.es\/\" target=\"_blank\" rel=\"noreferrer noopener\" title=\"Plan de Recuperaci\u00f3n, Transformaci\u00f3n y Resiliencia\">Plan de Recuperaci\u00f3n, Transformaci\u00f3n y Resiliencia<\/a>. Del conjunto de la inversi\u00f3n en la rehabilitaci\u00f3n, 2.617.263 euros est\u00e1n financiados con fondos europeos.<\/p>\n\n\n\n<h3>Espacios para todas las generaciones<\/h3>\n\n\n\n<p>La Biblioteca 5.0 contar\u00e1 con espacios abiertos destinados a la lectura y el estudio, junto con salas m\u00e1s privadas para el trabajo individual y en grupo. La distribuci\u00f3n ha sido dise\u00f1ada de manera flexible para adaptarse a diferentes usos y facilitar una atenci\u00f3n m\u00e1s c\u00f3moda y eficaz.<\/p>\n\n\n\n<p>Los usuarios podr\u00e1n disfrutar de una bebeteca, una sala infantil, una sala juvenil, una sala de prensa dirigida especialmente a las personas mayores y una sala de ordenadores equipada con impresoras. Tambi\u00e9n se han habilitado una sala de lactancia y un cambiador, reforzando el car\u00e1cter inclusivo y familiar del edificio.<\/p>\n\n\n\n<p>El centro no se limitar\u00e1 al pr\u00e9stamo y la consulta de libros, sino que funcionar\u00e1 como un nuevo espacio de encuentro y dinamizaci\u00f3n cultural, preparado para acoger exposiciones temporales y actividades relacionadas con la lectura y la cultura.<\/p>\n\n\n\n<figure class=\"wp-block-image size-large\"><img loading=\"lazy\" width=\"1024\" height=\"683\" src=\"https:\/\/agendaurbanacastello.es\/wp-content\/uploads\/2026\/09\/biblioteca-2-1024x683.jpeg\" alt=\"\" class=\"wp-image-3444\" srcset=\"https:\/\/agendaurbanacastello.es\/wp-content\/uploads\/2026\/09\/biblioteca-2-1024x683.jpeg 1024w, https:\/\/agendaurbanacastello.es\/wp-content\/uploads\/2026\/09\/biblioteca-2-300x200.jpeg 300w, https:\/\/agendaurbanacastello.es\/wp-content\/uploads\/2026\/09\/biblioteca-2-768x512.jpeg 768w, https:\/\/agendaurbanacastello.es\/wp-content\/uploads\/2026\/09\/biblioteca-2-1536x1025.jpeg 1536w, https:\/\/agendaurbanacastello.es\/wp-content\/uploads\/2026\/09\/biblioteca-2-18x12.jpeg 18w, https:\/\/agendaurbanacastello.es\/wp-content\/uploads\/2026\/09\/biblioteca-2-365x243.jpeg 365w, https:\/\/agendaurbanacastello.es\/wp-content\/uploads\/2026\/09\/biblioteca-2.jpeg 2048w\" sizes=\"(max-width: 1024px) 100vw, 1024px\" \/><figcaption>Visita a las nuevas instalaciones de la biblioteca municipal de Castell\u00f3n<\/figcaption><\/figure>\n\n\n\n<h3>Un edificio inteligente y sostenible<\/h3>\n\n\n\n<p>La actuaci\u00f3n ha incorporado criterios de accesibilidad, inclusi\u00f3n, sostenibilidad y eficiencia energ\u00e9tica. El inmueble funcionar\u00e1 mediante el sistema Smart Building, integrado en la Plataforma Inteligente de la ciudad, que permitir\u00e1 controlar los aforos, la calidad del aire, los consumos energ\u00e9ticos, los niveles de iluminaci\u00f3n y la gesti\u00f3n del riego.Estas mejoras permitir\u00e1n alcanzar un ahorro energ\u00e9tico estimado del 70 % respecto a un edificio convencional, ofreciendo a los usuarios unas instalaciones m\u00e1s confortables y sostenibles.<\/p>\n\n\n\n<p><br>La cer\u00e1mica castellonense tambi\u00e9n tiene un papel protagonista en el resultado final, con 1.674 metros cuadrados de pavimentos y revestimientos cer\u00e1micos. Su utilizaci\u00f3n combina innovaci\u00f3n y tradici\u00f3n y reafirma el compromiso municipal de incorporar este material en las obras p\u00fablicas de la ciudad.<\/p>\n\n\n\n<h3>Un proyecto que refuerza los objetivos de transici\u00f3n energ\u00e9tica de la Agenda Urbana <\/h3>\n\n\n\n<p>La apertura en septiembre de la nueva Biblioteca 5.0 de la calle Mayor constituye una actuaci\u00f3n alineada con el proyecto prioritario <a href=\"http:\/\/refuerza los objetivos de transici\u00f3n energ\u00e9tica de la Agenda Urbana de Castell\u00f3\" target=\"_blank\" rel=\"noreferrer noopener\" title=\"\u201cTransici\u00f3n y Eficiencia Energ\u00e9tica Municipal\u201d\">\u201cTransici\u00f3n y Eficiencia Energ\u00e9tica Municipal\u201d<\/a> de la <a href=\"https:\/\/agendaurbanacastello.es\/va\/\" target=\"_blank\" rel=\"noreferrer noopener\" title=\"Agenda Urbana de Castell\u00f3n\">Agenda Urbana de Castell\u00f3n<\/a>. Esta actuaci\u00f3n responde a uno de los objetivos estrat\u00e9gicos de la Agenda Urbana, centrado en la rehabilitaci\u00f3n y mejora energ\u00e9tica de los edificios municipales para reducir consumos, avanzar en la descarbonizaci\u00f3n y promover un modelo de ciudad m\u00e1s sostenible y eficiente, al tiempo que se refuerza la calidad de los servicios p\u00fablicos ofrecidos a la ciudadan\u00eda.<\/p>\n\n\n\n<figure class=\"wp-block-image size-large\"><img loading=\"lazy\" width=\"1024\" height=\"195\" src=\"https:\/\/agendaurbanacastello.es\/wp-content\/uploads\/2026\/09\/Logos-PIREP-Actualizado-Ministerio-Vivienda-1024x195.png\" alt=\"\" class=\"wp-image-3443\" srcset=\"https:\/\/agendaurbanacastello.es\/wp-content\/uploads\/2026\/09\/Logos-PIREP-Actualizado-Ministerio-Vivienda-1024x195.png 1024w, https:\/\/agendaurbanacastello.es\/wp-content\/uploads\/2026\/09\/Logos-PIREP-Actualizado-Ministerio-Vivienda-300x57.png 300w, https:\/\/agendaurbanacastello.es\/wp-content\/uploads\/2026\/09\/Logos-PIREP-Actualizado-Ministerio-Vivienda-768x146.png 768w, https:\/\/agendaurbanacastello.es\/wp-content\/uploads\/2026\/09\/Logos-PIREP-Actualizado-Ministerio-Vivienda-1536x293.png 1536w, https:\/\/agendaurbanacastello.es\/wp-content\/uploads\/2026\/09\/Logos-PIREP-Actualizado-Ministerio-Vivienda-18x3.png 18w, https:\/\/agendaurbanacastello.es\/wp-content\/uploads\/2026\/09\/Logos-PIREP-Actualizado-Ministerio-Vivienda.png 2000w\" sizes=\"(max-width: 1024px) 100vw, 1024px\" \/><\/figure>","protected":false},"excerpt":{"rendered":"<p>La actuaci\u00f3n ha contado con un presupuesto total de 4.442.719,18 euros, de los que 3.945.759,53 euros corresponden a las obras y 196.960,35 euros al mobiliario, con m\u00e1s de 2,6 millones de euros procedentes de fondos europeos Next Generation<\/p>","protected":false},"author":1,"featured_media":3445,"comment_status":"closed","ping_status":"closed","sticky":false,"template":"","format":"standard","meta":{"_monsterinsights_skip_tracking":false,"_monsterinsights_sitenote_active":false,"_monsterinsights_sitenote_note":"","_monsterinsights_sitenote_category":0},"categories":[1],"tags":[45,241,48,44,99,83],"acf":[],"_links":{"self":[{"href":"https:\/\/agendaurbanacastello.es\/va\/wp-json\/wp\/v2\/posts\/3442"}],"collection":[{"href":"https:\/\/agendaurbanacastello.es\/va\/wp-json\/wp\/v2\/posts"}],"about":[{"href":"https:\/\/agendaurbanacastello.es\/va\/wp-json\/wp\/v2\/types\/post"}],"author":[{"embeddable":true,"href":"https:\/\/agendaurbanacastello.es\/va\/wp-json\/wp\/v2\/users\/1"}],"replies":[{"embeddable":true,"href":"https:\/\/agendaurbanacastello.es\/va\/wp-json\/wp\/v2\/comments?post=3442"}],"version-history":[{"count":1,"href":"https:\/\/agendaurbanacastello.es\/va\/wp-json\/wp\/v2\/posts\/3442\/revisions"}],"predecessor-version":[{"id":3447,"href":"https:\/\/agendaurbanacastello.es\/va\/wp-json\/wp\/v2\/posts\/3442\/revisions\/3447"}],"wp:featuredmedia":[{"embeddable":true,"href":"https:\/\/agendaurbanacastello.es\/va\/wp-json\/wp\/v2\/media\/3445"}],"wp:attachment":[{"href":"https:\/\/agendaurbanacastello.es\/va\/wp-json\/wp\/v2\/media?parent=3442"}],"wp:term":[{"taxonomy":"category","embeddable":true,"href":"https:\/\/agendaurbanacastello.es\/va\/wp-json\/wp\/v2\/categories?post=3442"},{"taxonomy":"post_tag","embeddable":true,"href":"https:\/\/agendaurbanacastello.es\/va\/wp-json\/wp\/v2\/tags?post=3442"}],"curies":[{"name":"wp","href":"https:\/\/api.w.org\/{rel}","templated":true}]}}