{"id":3448,"date":"2026-08-19T09:18:00","date_gmt":"2026-08-19T09:18:00","guid":{"rendered":"https:\/\/agendaurbanacastello.es\/?p=3448"},"modified":"2026-09-04T09:44:55","modified_gmt":"2026-09-04T09:44:55","slug":"castellon-naturaleza-en-red-impulsara-la-formacion-docente-en-biodiversidad","status":"publish","type":"post","link":"https:\/\/agendaurbanacastello.es\/va\/castellon-naturaleza-en-red-impulsara-la-formacion-docente-en-biodiversidad\/","title":{"rendered":"Castell\u00f3n Naturaleza en Red  impulsar\u00e1 la formaci\u00f3n docente en biodiversidad"},"content":{"rendered":"<h2>Una acci\u00f3n para capacitar al profesorado de toda la Comunitat Valenciana<\/h2>\n\n\n\n<p>L' <a href=\"https:\/\/www.castello.es\/es\/inicio\" target=\"_blank\" rel=\"noreferrer noopener\" title=\"Ayuntamiento de Castell\u00f3n\">Ayuntamiento de Castell\u00f3n<\/a>, a trav\u00e9s del proyecto <a href=\"https:\/\/www.castello.es\/es\/castello-naturaleza-en-red\" target=\"_blank\" rel=\"noreferrer noopener\" title=\"Castell\u00f3n Naturaleza en Red\">Castell\u00f3n Naturaleza en Red<\/a>, impulsar\u00e1 junto con <a href=\"https:\/\/seo.org\/\" title=\"SEO\/BirdLife \">SEO\/BirdLife <\/a>una nueva acci\u00f3n formativa dirigida al profesorado con el fin de ampliar el alcance de esta iniciativa municipal m\u00e1s all\u00e1 de los 18 centros educativos que participan actualmente en el proyecto. A trav\u00e9s de la colaboraci\u00f3n con <a href=\"https:\/\/portal.edu.gva.es\/cefire\/es\/cefire-castello-es\/\" target=\"_blank\" rel=\"noreferrer noopener\" title=\"CEFIRE Castell\u00f3n\">CEFIRE Castell\u00f3n<\/a>, la propuesta permitir\u00e1 que docentes de toda la Comunitat Valenciana adquieran conocimientos y herramientas pr\u00e1cticas para incorporar la biodiversidad urbana, la infraestructura verde y la renaturalizaci\u00f3n de los espacios educativos y urbanos a su actividad docente.<\/p>\n\n\n\n<p>El concejal de Medio Ambiente, Gonzalo Romero, ha destacado que &#8220;queremos que Castell\u00f3n Naturaleza en Red vaya m\u00e1s all\u00e1 de las actuaciones que estamos desarrollando en nuestros espacios p\u00fablicos y centros educativos. Con esta formaci\u00f3n conseguimos que los docentes se conviertan tambi\u00e9n en transmisores de los valores de la biodiversidad, la renaturalizaci\u00f3n y el respeto por nuestro entorno, multiplicando el alcance de un proyecto con el que queremos construir una ciudad m\u00e1s verde, saludable y preparada frente al cambio clim\u00e1tico&#8221;.<\/p>\n\n\n\n<p>Bajo el t\u00edtulo <a href=\"https:\/\/www.castello.es\/es\/c2.-plan-de-comunicaci%C3%B3n-y-sensibilizaci%C3%B3n#contenido5223868\" target=\"_blank\" rel=\"noreferrer noopener\" title=\"\u201cBiodiversidad Urbana\u201d\">\u201c<strong>Biodiversidad Urbana\u201d<\/strong><\/a>, el curso nace con el objetivo de capacitar al profesorado para dise\u00f1ar, implementar y evaluar situaciones de aprendizaje relacionadas con la biodiversidad, la adaptaci\u00f3n al cambio clim\u00e1tico y la recuperaci\u00f3n de ecosistemas urbanos, alineadas con la LOMLOE y con la realidad ambiental del entorno local.<\/p>\n\n\n\n<p>Desde el Ayuntamiento se\u00f1alan que esta actuaci\u00f3n supone un paso m\u00e1s en la estrategia de sensibilizaci\u00f3n ambiental desarrollada a trav\u00e9s de Castell\u00f3n Naturaleza en Red, un proyecto que tiene como objetivo conseguir una ciudad m\u00e1s natural, biodiversa, habitable, saludable, equitativa, inclusiva y resiliente frente a la emergencia clim\u00e1tica. Gracias a esta formaci\u00f3n, el conocimiento generado por el proyecto llegar\u00e1 a un n\u00famero mucho mayor de alumnos y familias a trav\u00e9s de sus docentes, multiplicando as\u00ed su impacto educativo y social.<\/p>\n\n\n\n<h3>Un curso de 20 horas de duraci\u00f3n abierto a toda la comunidad educativa<\/h3>\n\n\n\n<p>La formaci\u00f3n tendr\u00e1 una duraci\u00f3n de 20 horas y estar\u00e1 impartida por SEO\/BirdLife, la Sociedad Espa\u00f1ola de Ornitolog\u00eda. Una entidad de referencia internacional que cuenta con dilatada experiencia en conservaci\u00f3n de aves, ciencia ciudadana, acci\u00f3n social, educaci\u00f3n ambiental y cooperaci\u00f3n internacional. Tendr\u00e1 un formato semipresencial y se impartir\u00e1 entre el 19 de octubre y 17 de noviembre de 2026.<\/p>\n\n\n\n<p>Cabe destacar que SEO\/ BirdLife es socio del Ayuntamiento en la ejecuci\u00f3n de Castell\u00f3n Naturaleza en Red, un proyecto que que cuenta con el apoyo de la <a href=\"https:\/\/fundacion-biodiversidad.es\/\" target=\"_blank\" rel=\"noreferrer noopener\" title=\"Fundaci\u00f3n Biodiversidad\">Fundaci\u00f3n Biodiversidad<\/a> del <a href=\"https:\/\/www.miteco.gob.es\/es.html\" target=\"_blank\" rel=\"noreferrer noopener\" title=\"Ministerio para la Transici\u00f3n Ecol\u00f3gica y el Reto Demogr\u00e1fico (MITECO)\">Ministerio para la Transici\u00f3n Ecol\u00f3gica y el Reto Demogr\u00e1fico (MITECO)<\/a>, a trav\u00e9s de la cofinanciaci\u00f3n del <a href=\"https:\/\/www.europarl.europa.eu\/factsheets\/es\/sheet\/95\/el-fondo-europeo-de-desarrollo-regional-feder-\" title=\"Fondo Europeo de Desarrollo Regional (FEDER)\">Fondo Europeo de Desarrollo Regional (FEDER)<\/a>. <\/p>\n\n\n\n<figure class=\"wp-block-image size-large\"><img loading=\"lazy\" width=\"724\" height=\"1024\" src=\"https:\/\/agendaurbanacastello.es\/wp-content\/uploads\/2026\/09\/Cartel_Curso_Biodiversidad_cast-724x1024.png\" alt=\"\" class=\"wp-image-3449\" srcset=\"https:\/\/agendaurbanacastello.es\/wp-content\/uploads\/2026\/09\/Cartel_Curso_Biodiversidad_cast-724x1024.png 724w, https:\/\/agendaurbanacastello.es\/wp-content\/uploads\/2026\/09\/Cartel_Curso_Biodiversidad_cast-212x300.png 212w, https:\/\/agendaurbanacastello.es\/wp-content\/uploads\/2026\/09\/Cartel_Curso_Biodiversidad_cast-768x1086.png 768w, https:\/\/agendaurbanacastello.es\/wp-content\/uploads\/2026\/09\/Cartel_Curso_Biodiversidad_cast-1086x1536.png 1086w, https:\/\/agendaurbanacastello.es\/wp-content\/uploads\/2026\/09\/Cartel_Curso_Biodiversidad_cast-1448x2048.png 1448w, https:\/\/agendaurbanacastello.es\/wp-content\/uploads\/2026\/09\/Cartel_Curso_Biodiversidad_cast-8x12.png 8w, https:\/\/agendaurbanacastello.es\/wp-content\/uploads\/2026\/09\/Cartel_Curso_Biodiversidad_cast.png 1587w\" sizes=\"(max-width: 724px) 100vw, 724px\" \/><\/figure>\n\n\n\n<p>El curso abordar\u00e1 cuestiones como la importancia de la biodiversidad urbana y los servicios ecosist\u00e9micos, la infraestructura verde como herramienta para la adaptaci\u00f3n y mitigaci\u00f3n del cambio clim\u00e1tico, el reconocimiento de fauna y flora urbanas, la participaci\u00f3n en proyectos de ciencia ciudadana y el desarrollo de actuaciones de conservaci\u00f3n desde los propios centros educativos. Asimismo, ofrecer\u00e1 recursos para que los docentes puedan convertir el entorno urbano en un espacio de aprendizaje y fomentar una conciencia ambiental activa entre el alumnado.<\/p>\n\n\n\n<h3>Mayor conciencia sobre los beneficios que aportan la biodiversidad y los ecosistemas urbanos<\/h3>\n\n\n\n<p>Entre los objetivos espec\u00edficos del curso destacan la creaci\u00f3n de una mayor conciencia sobre los beneficios que aportan la biodiversidad y los ecosistemas urbanos, la difusi\u00f3n de herramientas educativas para promover la naturaleza en las escuelas y la generaci\u00f3n de actitudes proactivas dirigidas a la conservaci\u00f3n del entorno. \u201cLa formaci\u00f3n pondr\u00e1 el foco en la renaturalizaci\u00f3n de los espacios escolares como una herramienta para mejorar la calidad ambiental, favorecer el bienestar de la comunidad educativa y reforzar la conexi\u00f3n de la ciudadan\u00eda con la naturaleza\u201d, destaca Anna Valent\u00edn, delegada de SEO\/BirdLife en la Comunidad Valenciana.<\/p>\n\n\n\n<p>Con esta iniciativa, el Ayuntamiento de Castell\u00f3n refuerza su compromiso con la educaci\u00f3n ambiental como motor de transformaci\u00f3n y participaci\u00f3n ciudadana, fomentando que cada vez m\u00e1s centros educativos incorporen la biodiversidad y la sostenibilidad en sus proyectos pedag\u00f3gicos. La formaci\u00f3n contribuir\u00e1 a consolidar una red de docentes comprometidos con la recuperaci\u00f3n de los ecosistemas urbanos y con la construcci\u00f3n de una ciudad m\u00e1s resiliente, saludable y preparada para los retos ambientales del futuro.<\/p>\n\n\n\n<p>Las inscripciones permanecer\u00e1n abiertas hasta el 9 de octubre en el siguiente enlace <a href=\"https:\/\/ovifor.edu.gva.es\/ovifor\/?lang=es&amp;curso_id=26CA72IN008\" target=\"_blank\" rel=\"noreferrer noopener\">https:\/\/ovifor.edu.gva.es\/ovifor\/?lang=es&amp;curso_id=26CA72IN008<\/a><\/p>\n\n\n\n<figure class=\"wp-block-image size-large\"><img loading=\"lazy\" width=\"1024\" height=\"683\" src=\"https:\/\/agendaurbanacastello.es\/wp-content\/uploads\/2026\/09\/Castellon-Naturaleza-Red-23.jpg\" alt=\"\" class=\"wp-image-3450\" srcset=\"https:\/\/agendaurbanacastello.es\/wp-content\/uploads\/2026\/09\/Castellon-Naturaleza-Red-23.jpg 1024w, https:\/\/agendaurbanacastello.es\/wp-content\/uploads\/2026\/09\/Castellon-Naturaleza-Red-23-300x200.jpg 300w, https:\/\/agendaurbanacastello.es\/wp-content\/uploads\/2026\/09\/Castellon-Naturaleza-Red-23-768x512.jpg 768w, https:\/\/agendaurbanacastello.es\/wp-content\/uploads\/2026\/09\/Castellon-Naturaleza-Red-23-18x12.jpg 18w, https:\/\/agendaurbanacastello.es\/wp-content\/uploads\/2026\/09\/Castellon-Naturaleza-Red-23-365x243.jpg 365w\" sizes=\"(max-width: 1024px) 100vw, 1024px\" \/><figcaption>Parque Ribalta de Castell\u00f3n, uno de los pulmones verdes de la ciudad <\/figcaption><\/figure>\n\n\n\n<h3>La Agenda Urbana entra en las aulas para impulsar la biodiversidad local<\/h3>\n\n\n\n<p>La puesta en marcha de Castell\u00f3n Naturaleza en Red supone un nuevo paso en la construcci\u00f3n de una ciudad m\u00e1s verde, resiliente y comprometida con su entorno, en l\u00ednea con la <a href=\"https:\/\/agendaurbanacastello.es\/va\/\" target=\"_blank\" rel=\"noreferrer noopener\" title=\"Agenda Urbana de Castell\u00f3n\">Agenda Urbana de Castell\u00f3n<\/a>. Esta iniciativa, centrada en la formaci\u00f3n del profesorado en biodiversidad urbana, contribuye directamente al desarrollo de los proyectos prioritarios <a href=\"https:\/\/agendaurbanacastello.es\/va\/ficha\/estrategia-de-renaturalizacion-municipal-y-restauracion-ecologica\/\" target=\"_blank\" rel=\"noreferrer noopener\" title=\"Estrat\u00e8gia de renaturalitzaci\u00f3 Municipal i Restauraci\u00f3 Ecol\u00f2gica\">Estrat\u00e8gia de renaturalitzaci\u00f3 Municipal i Restauraci\u00f3 Ecol\u00f2gica<\/a> i <a href=\"https:\/\/agendaurbanacastello.es\/va\/ficha\/biodiversidad-urbana\/\" target=\"_blank\" rel=\"noreferrer noopener\" title=\"Biodiversidad Urbana\">Biodiversidad Urbana<\/a>, al promover el conocimiento, la protecci\u00f3n y la puesta en valor del patrimonio natural local desde las aulas. <\/p>\n\n\n\n<p>A trav\u00e9s de la educaci\u00f3n ambiental y la implicaci\u00f3n de la comunidad educativa, Castell\u00f3n avanza hacia un modelo urbano donde la naturaleza se integra en la vida cotidiana, reforzando la conciencia ecol\u00f3gica de las nuevas generaciones y consolidando los objetivos de sostenibilidad que marca la Agenda Urbana para el futuro de la ciudad.<\/p>\n\n\n\n<figure class=\"wp-block-image size-large\"><img loading=\"lazy\" width=\"1024\" height=\"124\" src=\"https:\/\/agendaurbanacastello.es\/wp-content\/uploads\/2026\/08\/Combo-Logos-Institucionales_DIGITAL_color-1024x124.png\" alt=\"\" class=\"wp-image-3453\" srcset=\"https:\/\/agendaurbanacastello.es\/wp-content\/uploads\/2026\/08\/Combo-Logos-Institucionales_DIGITAL_color-1024x124.png 1024w, https:\/\/agendaurbanacastello.es\/wp-content\/uploads\/2026\/08\/Combo-Logos-Institucionales_DIGITAL_color-300x36.png 300w, https:\/\/agendaurbanacastello.es\/wp-content\/uploads\/2026\/08\/Combo-Logos-Institucionales_DIGITAL_color-768x93.png 768w, https:\/\/agendaurbanacastello.es\/wp-content\/uploads\/2026\/08\/Combo-Logos-Institucionales_DIGITAL_color-1536x186.png 1536w, https:\/\/agendaurbanacastello.es\/wp-content\/uploads\/2026\/08\/Combo-Logos-Institucionales_DIGITAL_color-18x2.png 18w, https:\/\/agendaurbanacastello.es\/wp-content\/uploads\/2026\/08\/Combo-Logos-Institucionales_DIGITAL_color.png 1778w\" sizes=\"(max-width: 1024px) 100vw, 1024px\" \/><\/figure>","protected":false},"excerpt":{"rendered":"<p>El Ayuntamiento pone en marcha un curso especializado dirigido a docentes con el objetivo de fomentar la renaturalizaci\u00f3n urbana, la conservaci\u00f3n de la biodiversidad y la lucha contra el cambio clim\u00e1tico desde las aulas.<\/p>","protected":false},"author":1,"featured_media":3376,"comment_status":"closed","ping_status":"closed","sticky":false,"template":"","format":"standard","meta":{"_monsterinsights_skip_tracking":false,"_monsterinsights_sitenote_active":false,"_monsterinsights_sitenote_note":"","_monsterinsights_sitenote_category":0},"categories":[1],"tags":[186,232,90,185,207,147],"acf":[],"_links":{"self":[{"href":"https:\/\/agendaurbanacastello.es\/va\/wp-json\/wp\/v2\/posts\/3448"}],"collection":[{"href":"https:\/\/agendaurbanacastello.es\/va\/wp-json\/wp\/v2\/posts"}],"about":[{"href":"https:\/\/agendaurbanacastello.es\/va\/wp-json\/wp\/v2\/types\/post"}],"author":[{"embeddable":true,"href":"https:\/\/agendaurbanacastello.es\/va\/wp-json\/wp\/v2\/users\/1"}],"replies":[{"embeddable":true,"href":"https:\/\/agendaurbanacastello.es\/va\/wp-json\/wp\/v2\/comments?post=3448"}],"version-history":[{"count":2,"href":"https:\/\/agendaurbanacastello.es\/va\/wp-json\/wp\/v2\/posts\/3448\/revisions"}],"predecessor-version":[{"id":3454,"href":"https:\/\/agendaurbanacastello.es\/va\/wp-json\/wp\/v2\/posts\/3448\/revisions\/3454"}],"wp:featuredmedia":[{"embeddable":true,"href":"https:\/\/agendaurbanacastello.es\/va\/wp-json\/wp\/v2\/media\/3376"}],"wp:attachment":[{"href":"https:\/\/agendaurbanacastello.es\/va\/wp-json\/wp\/v2\/media?parent=3448"}],"wp:term":[{"taxonomy":"category","embeddable":true,"href":"https:\/\/agendaurbanacastello.es\/va\/wp-json\/wp\/v2\/categories?post=3448"},{"taxonomy":"post_tag","embeddable":true,"href":"https:\/\/agendaurbanacastello.es\/va\/wp-json\/wp\/v2\/tags?post=3448"}],"curies":[{"name":"wp","href":"https:\/\/api.w.org\/{rel}","templated":true}]}}