{"id":3455,"date":"2026-08-18T10:55:00","date_gmt":"2026-08-18T10:55:00","guid":{"rendered":"https:\/\/agendaurbanacastello.es\/?p=3455"},"modified":"2026-09-04T11:24:46","modified_gmt":"2026-09-04T11:24:46","slug":"la-reforma-del-mercado-central-alcanzan-el-45-de-ejecucion","status":"publish","type":"post","link":"https:\/\/agendaurbanacastello.es\/va\/la-reforma-del-mercado-central-alcanzan-el-45-de-ejecucion\/","title":{"rendered":"La reforma del Mercado Central alcanzan el 45 % de ejecuci\u00f3n"},"content":{"rendered":"<h2>Los trabajos avanzan de forma simult\u00e1nea en fachadas, estructura, cubiertas e instalaciones<\/h2>\n\n\n\n<p>Las obras de reforma del nuevo Mercado Central de Castell\u00f3n avanzan a buen ritmo y han alcanzado ya el 45 % de ejecuci\u00f3n. Los trabajos contin\u00faan de acuerdo con la planificaci\u00f3n prevista, con el objetivo de que la actuaci\u00f3n est\u00e9 finalizada durante el primer trimestre de 2027.<\/p>\n\n\n\n<p>El concejal de Infraestructuras Urbanas y Desarrollo Urban\u00edstico, Sergio Toledo, ha visitado hoy las obras acompa\u00f1ado por la arquitecta municipal y directora de obra, Alba Mart\u00edn, y el arquitecto t\u00e9cnico municipal y director de ejecuci\u00f3n, Germ\u00e1n Huguet, para comprobar sobre el terreno la evoluci\u00f3n de los trabajos.<\/p>\n\n\n\n<p>Toledo ha destacado que &#8220;estamos ya en un 45 % de ejecuci\u00f3n de las obras del nuevo Mercado Central, con avances en la limpieza de la fachada, la pintura de la estructura de la zona de carnicer\u00eda y fruta y verdura y la ejecuci\u00f3n de la estructura de los puestos de pescader\u00eda. Seguimos avanzando a buen ritmo en un proyecto con el que apostamos por el comercio local y por la revitalizaci\u00f3n del centro de Castell\u00f3n, y que podr\u00e1n disfrutar los castellonenses durante el primer trimestre de 2027&#8221;.<\/p>\n\n\n\n<p>Durante la visita se ha podido comprobar el avance simult\u00e1neo de los trabajos en fachadas, estructura, cubiertas e instalaciones, con especial actividad en las \u00e1reas correspondientes a pescader\u00eda, carnicer\u00eda y fruta y verdura.<\/p>\n\n\n\n<figure class=\"wp-block-image size-large\"><img loading=\"lazy\" width=\"1024\" height=\"683\" src=\"https:\/\/agendaurbanacastello.es\/wp-content\/uploads\/2026\/09\/Obras_semestre1_2026_10_aerea-1024x683.jpg\" alt=\"\" class=\"wp-image-3458\" srcset=\"https:\/\/agendaurbanacastello.es\/wp-content\/uploads\/2026\/09\/Obras_semestre1_2026_10_aerea-1024x683.jpg 1024w, https:\/\/agendaurbanacastello.es\/wp-content\/uploads\/2026\/09\/Obras_semestre1_2026_10_aerea-300x200.jpg 300w, https:\/\/agendaurbanacastello.es\/wp-content\/uploads\/2026\/09\/Obras_semestre1_2026_10_aerea-768x512.jpg 768w, https:\/\/agendaurbanacastello.es\/wp-content\/uploads\/2026\/09\/Obras_semestre1_2026_10_aerea-1536x1024.jpg 1536w, https:\/\/agendaurbanacastello.es\/wp-content\/uploads\/2026\/09\/Obras_semestre1_2026_10_aerea-2048x1366.jpg 2048w, https:\/\/agendaurbanacastello.es\/wp-content\/uploads\/2026\/09\/Obras_semestre1_2026_10_aerea-18x12.jpg 18w, https:\/\/agendaurbanacastello.es\/wp-content\/uploads\/2026\/09\/Obras_semestre1_2026_10_aerea-365x243.jpg 365w\" sizes=\"(max-width: 1024px) 100vw, 1024px\" \/><figcaption>Evoluci\u00f3n de las obras en el Mercado Central durante el primer semestre de 2026<\/figcaption><\/figure>\n\n\n\n<h3>Un proyecto dentro del Plan de Actuaci\u00f3n Integrado de Castell\u00f3n<\/h3>\n\n\n\n<p>La reforma integral del Mercado Central forma parte del <a href=\"https:\/\/www.castello.es\/es\/plan-de-actuaci%C3%B3n-integrado\" target=\"_blank\" rel=\"noreferrer noopener\" title=\"Plan de Actuaci\u00f3n Integrado Castell\u00f3n (PAI Castell\u00f3n)\">Plan de Actuaci\u00f3n Integrado Castell\u00f3n (PAI Castell\u00f3n)<\/a> y es uno de los siete proyectos que se ejecutar\u00e1n con la cofinanciaci\u00f3n del <a href=\"https:\/\/fondoseuropeos.gob.es\/es-es\/fondosprogramas\/feder\/Paginas\/feder.aspx\" target=\"_blank\" rel=\"noreferrer noopener\" title=\"Fondo Europeo de Desarrollo Regional (FEDER)\">Fondo Europeo de Desarrollo Regional (FEDER)<\/a>, en el marco del Programa Plurirregional de Espa\u00f1a para el periodo de programaci\u00f3n 2021-2027. El proyecto cuenta con una inversi\u00f3n de 10 millones de euros.<\/p>\n\n\n\n<p>El Plan de Actuaci\u00f3n Integrado (PAI) de Castell\u00f3n es la hoja de ruta del Ayuntamiento para transformar la ciudad en un entorno m\u00e1s sostenible, saludable y equitativo. Se trata de una estrategia integral que re\u00fane proyectos urbanos coordinados con un objetivo com\u00fan: mejorar la calidad de vida de la ciudadan\u00eda y avanzar hacia un modelo de ciudad m\u00e1s resiliente y respetuoso con el medio ambiente.<\/p>\n\n\n\n<p>El PAI no es una suma de actuaciones aisladas, sino un conjunto de iniciativas interconectadas que act\u00faan sobre el espacio p\u00fablico, la infraestructura verde, la movilidad, la cohesi\u00f3n social y la digitalizaci\u00f3n. Una estrategia alineada con la <a href=\"https:\/\/agendaurbanacastello.es\/va\/\" target=\"_blank\" rel=\"noreferrer noopener\" title=\"Agenda Urbana de Castell\u00f3n\">Agenda Urbana de Castell\u00f3n<\/a> que en el caso de la reforma del Mercado Central est\u00e1 directamente vinculado a proyectos prioritarios del plan de acci\u00f3n local como <a href=\"https:\/\/agendaurbanacastello.es\/va\/ficha\/transicion-eficiencia-energetica-municipal\/\" target=\"_blank\" rel=\"noreferrer noopener\" title=\"Transici\u00f3n y Eficiencia Energ\u00e9tica Municipal\">Transici\u00f3n y Eficiencia Energ\u00e9tica Municipal<\/a> o <a href=\"https:\/\/agendaurbanacastello.es\/va\/ficha\/talento-emprendimiento-industria-y-comercio\/\" target=\"_blank\" rel=\"noreferrer noopener\" title=\"Talento, Emprendimiento, Industria y Comercio\">Talento, Emprendimiento, Industria y Comercio<\/a>. <\/p>\n\n\n\n<h3>Avances en la zona de carnicer\u00eda, fruta y verdura<\/h3>\n\n\n\n<p>En la zona destinada a carnicer\u00eda, fruta y verdura se ha retirado la antigua cubierta y se ha actuado sobre la estructura existente. Las cerchas met\u00e1licas han sido ignifugadas y pintadas y ya se han acopiado los paneles s\u00e1ndwich que permitir\u00e1n completar y cerrar la nueva cubierta.<\/p>\n\n\n\n<p>De forma paralela, se est\u00e1 avanzando en la ejecuci\u00f3n de las instalaciones que dar\u00e1n servicio a los futuros puestos, con la colocaci\u00f3n de las canalizaciones necesarias para el suministro de agua y electricidad. Tambi\u00e9n est\u00e1 finalizado el saneamiento y se trabaja en los canalones y las bajantes de aguas pluviales.Adem\u00e1s, contin\u00faa la ejecuci\u00f3n de las bases de cimentaci\u00f3n sobre las que se instalar\u00e1n las estructuras de los nuevos puestos. Cerca de dos tercios de estas cimentaciones se encuentran ya hormigonadas.<\/p>\n\n\n\n<p>Los trabajos tambi\u00e9n son visibles en la fachada del edificio, donde ha comenzado la limpieza de los paramentos exteriores. En el interior se est\u00e1 procediendo al revestimiento interior de los cerramientos mediante mortero de cal blanco.<\/p>\n\n\n\n<figure class=\"wp-block-image size-large\"><img loading=\"lazy\" width=\"1024\" height=\"683\" src=\"https:\/\/agendaurbanacastello.es\/wp-content\/uploads\/2026\/09\/Obras_semestre1_2026_13-1024x683.jpg\" alt=\"\" class=\"wp-image-3460\" srcset=\"https:\/\/agendaurbanacastello.es\/wp-content\/uploads\/2026\/09\/Obras_semestre1_2026_13-1024x683.jpg 1024w, https:\/\/agendaurbanacastello.es\/wp-content\/uploads\/2026\/09\/Obras_semestre1_2026_13-300x200.jpg 300w, https:\/\/agendaurbanacastello.es\/wp-content\/uploads\/2026\/09\/Obras_semestre1_2026_13-768x512.jpg 768w, https:\/\/agendaurbanacastello.es\/wp-content\/uploads\/2026\/09\/Obras_semestre1_2026_13-1536x1024.jpg 1536w, https:\/\/agendaurbanacastello.es\/wp-content\/uploads\/2026\/09\/Obras_semestre1_2026_13-2048x1366.jpg 2048w, https:\/\/agendaurbanacastello.es\/wp-content\/uploads\/2026\/09\/Obras_semestre1_2026_13-18x12.jpg 18w, https:\/\/agendaurbanacastello.es\/wp-content\/uploads\/2026\/09\/Obras_semestre1_2026_13-365x243.jpg 365w\" sizes=\"(max-width: 1024px) 100vw, 1024px\" \/><figcaption>Evoluci\u00f3n de las obras en el Mercado Central durante el primer semestre de 2026<\/figcaption><\/figure>\n\n\n\n<h3>Avances en la zona de pescader\u00eda<\/h3>\n\n\n\n<p>En la zona de pescader\u00eda se est\u00e1 desarrollando una de las actuaciones estructurales m\u00e1s destacadas del proyecto. La estructura se ha renovado completamente para permitir que la terraza superior pueda ser transitable, una posibilidad que no exist\u00eda en la configuraci\u00f3n anterior del Mercado Central.<\/p>\n\n\n\n<p>Ya se ha ejecutado la nueva estructura met\u00e1lica y actualmente se est\u00e1 hormigonando el forjado de chapa colaborante que servir\u00e1 de base para la futura terraza. Adem\u00e1s, se han colocado y replanteado los pilares correspondientes a los futuros puestos de pescader\u00eda, avanzando as\u00ed en la definici\u00f3n de la distribuci\u00f3n interior de esta zona.<\/p>\n\n\n\n<h3>Pr\u00f3ximos pasos<\/h3>\n\n\n\n<p>Las siguientes fases de la obra se centrar\u00e1n en continuar con la ejecuci\u00f3n de las instalaciones, avanzar en los acabados interiores, acometer las carpinter\u00edas y cerramientos e iniciar progresivamente la instalaci\u00f3n del equipamiento previsto.<\/p>\n\n\n\n<figure class=\"wp-block-image size-large\"><img loading=\"lazy\" width=\"1024\" height=\"341\" src=\"https:\/\/agendaurbanacastello.es\/wp-content\/uploads\/2025\/10\/Logos_PAI_2021_2027_Castellon-edited-1024x341.png\" alt=\"\" class=\"wp-image-3037\" srcset=\"https:\/\/agendaurbanacastello.es\/wp-content\/uploads\/2025\/10\/Logos_PAI_2021_2027_Castellon-edited-1024x341.png 1024w, https:\/\/agendaurbanacastello.es\/wp-content\/uploads\/2025\/10\/Logos_PAI_2021_2027_Castellon-edited-300x100.png 300w, https:\/\/agendaurbanacastello.es\/wp-content\/uploads\/2025\/10\/Logos_PAI_2021_2027_Castellon-edited-768x256.png 768w, https:\/\/agendaurbanacastello.es\/wp-content\/uploads\/2025\/10\/Logos_PAI_2021_2027_Castellon-edited-1536x511.png 1536w, https:\/\/agendaurbanacastello.es\/wp-content\/uploads\/2025\/10\/Logos_PAI_2021_2027_Castellon-edited-18x6.png 18w, https:\/\/agendaurbanacastello.es\/wp-content\/uploads\/2025\/10\/Logos_PAI_2021_2027_Castellon-edited.png 2000w\" sizes=\"(max-width: 1024px) 100vw, 1024px\" \/><\/figure>","protected":false},"excerpt":{"rendered":"<p>Un proyecto para promover el comercio local que promueve la revitalizaci\u00f3n del centro de Castell\u00f3n<\/p>","protected":false},"author":1,"featured_media":3457,"comment_status":"closed","ping_status":"closed","sticky":false,"template":"","format":"standard","meta":{"_monsterinsights_skip_tracking":false,"_monsterinsights_sitenote_active":false,"_monsterinsights_sitenote_note":"","_monsterinsights_sitenote_category":0},"categories":[1],"tags":[86,164,199,163,95,83],"acf":[],"_links":{"self":[{"href":"https:\/\/agendaurbanacastello.es\/va\/wp-json\/wp\/v2\/posts\/3455"}],"collection":[{"href":"https:\/\/agendaurbanacastello.es\/va\/wp-json\/wp\/v2\/posts"}],"about":[{"href":"https:\/\/agendaurbanacastello.es\/va\/wp-json\/wp\/v2\/types\/post"}],"author":[{"embeddable":true,"href":"https:\/\/agendaurbanacastello.es\/va\/wp-json\/wp\/v2\/users\/1"}],"replies":[{"embeddable":true,"href":"https:\/\/agendaurbanacastello.es\/va\/wp-json\/wp\/v2\/comments?post=3455"}],"version-history":[{"count":2,"href":"https:\/\/agendaurbanacastello.es\/va\/wp-json\/wp\/v2\/posts\/3455\/revisions"}],"predecessor-version":[{"id":3461,"href":"https:\/\/agendaurbanacastello.es\/va\/wp-json\/wp\/v2\/posts\/3455\/revisions\/3461"}],"wp:featuredmedia":[{"embeddable":true,"href":"https:\/\/agendaurbanacastello.es\/va\/wp-json\/wp\/v2\/media\/3457"}],"wp:attachment":[{"href":"https:\/\/agendaurbanacastello.es\/va\/wp-json\/wp\/v2\/media?parent=3455"}],"wp:term":[{"taxonomy":"category","embeddable":true,"href":"https:\/\/agendaurbanacastello.es\/va\/wp-json\/wp\/v2\/categories?post=3455"},{"taxonomy":"post_tag","embeddable":true,"href":"https:\/\/agendaurbanacastello.es\/va\/wp-json\/wp\/v2\/tags?post=3455"}],"curies":[{"name":"wp","href":"https:\/\/api.w.org\/{rel}","templated":true}]}}