{"id":3462,"date":"2026-08-06T12:09:00","date_gmt":"2026-08-06T12:09:00","guid":{"rendered":"https:\/\/agendaurbanacastello.es\/?p=3462"},"modified":"2026-09-04T12:37:06","modified_gmt":"2026-09-04T12:37:06","slug":"inicia-la-ejecucion-de-la-manzana-albinegra","status":"publish","type":"post","link":"https:\/\/agendaurbanacastello.es\/va\/inicia-la-ejecucion-de-la-manzana-albinegra\/","title":{"rendered":"Inicia la ejecuci\u00f3n de la Manzana Albinegra"},"content":{"rendered":"<h2>El Ayuntamiento traslada las pistas de p\u00e1del junto a Castalia para acometer reordenaci\u00f3n urban\u00edstica de esta zona deportiva de Castell\u00f3n<\/h2>\n\n\n\n<p>La concejala de Deportes, Maica Hurtado, ha comentado hoy que \u201cel <a href=\"https:\/\/www.castello.es\/es\/inicio\" title=\"Ayuntamiento de Castell\u00f3n\" target=\"_blank\" rel=\"noreferrer noopener\">Ayuntamiento de Castell\u00f3n<\/a> ha comenzado ya las tareas para el traslado de las siete pistas de p\u00e1del ubicadas junto al Estadio Municipal Sky-fi Castalia y su traslado al polideportivo del Parque Deportivo Sindical, donde podr\u00e1n seguir siendo utilizadas. Este traslado liberar\u00e1 un espacio fundamental para avanzar en la reordenaci\u00f3n urban\u00edstica que se enmarca dentro del ambicioso proyecto de remodelaci\u00f3n urbana conocido como la <a href=\"https:\/\/www.castello.es\/es\/operaciones1#contenido5199178\" target=\"_blank\" rel=\"noreferrer noopener\" title=\"Manzana Albinegra\">Manzana Albinegra<\/a>.<\/p>\n\n\n\n<p>Hurtado ha recordado que \u201cesta Manzana Albinegra supone una iniciativa estrat\u00e9gica desarrollada de la mano y con la colaboraci\u00f3n con el CD Castell\u00f3n y que es uno de los siete proyectos que se ejecutar\u00e1n con la cofinanciaci\u00f3n del\u00a0<a href=\"https:\/\/fondoseuropeos.gob.es\/es-es\/fondosprogramas\/feder\/Paginas\/feder.aspx\" target=\"_blank\" rel=\"noreferrer noopener\">Fondo Europeo de Desarrollo Regional (FEDER)<\/a>, en el marco del Programa Plurirregional de Espa\u00f1a para el periodo de programaci\u00f3n 2021-2027.<\/p>\n\n\n\n<p>El Plan de Actuaci\u00f3n Integrado (PAI) de Castell\u00f3n es la hoja de ruta del Ayuntamiento para transformar la ciudad en un entorno m\u00e1s sostenible, saludable y equitativo. Se trata de una estrategia integral que re\u00fane proyectos urbanos coordinados con un objetivo com\u00fan: mejorar la calidad de vida de la ciudadan\u00eda y avanzar hacia un modelo de ciudad m\u00e1s resiliente y respetuoso con el medio ambiente.<\/p>\n\n\n\n<figure class=\"wp-block-image size-large\"><img loading=\"lazy\" width=\"1024\" height=\"768\" src=\"https:\/\/agendaurbanacastello.es\/wp-content\/uploads\/2026\/09\/desmontaje-padel-Castalia-3-1024x768.jpg\" alt=\"\" class=\"wp-image-3465\" srcset=\"https:\/\/agendaurbanacastello.es\/wp-content\/uploads\/2026\/09\/desmontaje-padel-Castalia-3-1024x768.jpg 1024w, https:\/\/agendaurbanacastello.es\/wp-content\/uploads\/2026\/09\/desmontaje-padel-Castalia-3-300x225.jpg 300w, https:\/\/agendaurbanacastello.es\/wp-content\/uploads\/2026\/09\/desmontaje-padel-Castalia-3-768x576.jpg 768w, https:\/\/agendaurbanacastello.es\/wp-content\/uploads\/2026\/09\/desmontaje-padel-Castalia-3-1536x1152.jpg 1536w, https:\/\/agendaurbanacastello.es\/wp-content\/uploads\/2026\/09\/desmontaje-padel-Castalia-3-2048x1536.jpg 2048w, https:\/\/agendaurbanacastello.es\/wp-content\/uploads\/2026\/09\/desmontaje-padel-Castalia-3-16x12.jpg 16w\" sizes=\"(max-width: 1024px) 100vw, 1024px\" \/><figcaption>Desmontaje de las pistas de p\u00e1del para iniciar el proyecto &#8220;Manzana Albinegra&#8221; <\/figcaption><\/figure>\n\n\n\n<h3>Dignificar la entrada norte de la ciudad<\/h3>\n\n\n\n<p>La concejala ha resaltado que \u201cel objetivo principal de esta intervenci\u00f3n es el de dignificar y vertebrar mejor la entrada norte de la capital de la Plana, as\u00ed como revalorizar la calle Huesca, transformando un entorno clave en un espacio urbano accesible, moderno y a la altura de la ciudad y de su afici\u00f3n albinegra. Unas obras que mejorar\u00e1n tanto la movilidad en la zona como la experiencia de las personas asistentes a los partidos que el CD Castell\u00f3n juegue en su estadio\u201d.<\/p>\n\n\n\n<p>\u201cQueremos que tanto los vecinos de los aleda\u00f1os del estadio como los miles de aficionados que acuden al Sky-fi Castalia disfruten de una zona moderna, segura y de calidad, dentro del gran proyecto que representa la Manzana Albinegra\u201d, ha remarcado Hurtado.<\/p>\n\n\n\n<h3>Vinculaci\u00f3n con la Agenda Urbana de Castell\u00f3n<\/h3>\n\n\n\n<p>La ejecuci\u00f3n de la Manzana Albinegra, con el traslado de las pistas de p\u00e1del junto a Castalia, supone un nuevo paso en la transformaci\u00f3n urbana de Castell\u00f3n para crear entornos m\u00e1s funcionales, accesibles y adaptados a las necesidades ciudadanas. <\/p>\n\n\n\n<p>Esta actuaci\u00f3n se alinea con el proyecto <a href=\"https:\/\/agendaurbanacastello.es\/va\/ficha\/regeneracion-urbana-integrada-rui-espacio-publico-calidad\/\" target=\"_blank\" rel=\"noreferrer noopener\" title=\"Regeneraci\u00f3n Urbana Integrada (RUI) y Espacio P\u00fablico de Calidad\">Regeneraci\u00f3n Urbana Integrada (RUI) y Espacio P\u00fablico de Calidad<\/a> de la <a href=\"https:\/\/agendaurbanacastello.es\/va\/\" target=\"_blank\" rel=\"noreferrer noopener\" title=\"Agenda Urbana de Castell\u00f3n\">Agenda Urbana de Castell\u00f3n<\/a>, que impulsa la mejora y renovaci\u00f3n de los espacios urbanos mediante intervenciones que favorecen una mayor calidad del entorno, la cohesi\u00f3n urbana y el bienestar de la poblaci\u00f3n. La reorganizaci\u00f3n de este \u00e1mbito estrat\u00e9gico contribuye as\u00ed a generar una ciudad m\u00e1s sostenible, ordenada y preparada para ofrecer espacios p\u00fablicos de mayor calidad para el disfrute de la ciudadan\u00eda.<\/p>\n\n\n\n<figure class=\"wp-block-image size-large\"><img loading=\"lazy\" width=\"1024\" height=\"341\" src=\"https:\/\/agendaurbanacastello.es\/wp-content\/uploads\/2025\/10\/Logos_PAI_2021_2027_Castellon-edited-1024x341.png\" alt=\"\" class=\"wp-image-3037\" srcset=\"https:\/\/agendaurbanacastello.es\/wp-content\/uploads\/2025\/10\/Logos_PAI_2021_2027_Castellon-edited-1024x341.png 1024w, https:\/\/agendaurbanacastello.es\/wp-content\/uploads\/2025\/10\/Logos_PAI_2021_2027_Castellon-edited-300x100.png 300w, https:\/\/agendaurbanacastello.es\/wp-content\/uploads\/2025\/10\/Logos_PAI_2021_2027_Castellon-edited-768x256.png 768w, https:\/\/agendaurbanacastello.es\/wp-content\/uploads\/2025\/10\/Logos_PAI_2021_2027_Castellon-edited-1536x511.png 1536w, https:\/\/agendaurbanacastello.es\/wp-content\/uploads\/2025\/10\/Logos_PAI_2021_2027_Castellon-edited-18x6.png 18w, https:\/\/agendaurbanacastello.es\/wp-content\/uploads\/2025\/10\/Logos_PAI_2021_2027_Castellon-edited.png 2000w\" sizes=\"(max-width: 1024px) 100vw, 1024px\" \/><\/figure>\n\n\n\n<p><br><\/p>","protected":false},"excerpt":{"rendered":"<p>Las pistas de p\u00e1del que se est\u00e1n desmantelando se reubicar\u00e1n dentro del Parque Deportivo Sindical donde podr\u00e1n seguir siendo utilizadas<\/p>","protected":false},"author":1,"featured_media":3463,"comment_status":"closed","ping_status":"closed","sticky":false,"template":"","format":"standard","meta":{"_monsterinsights_skip_tracking":false,"_monsterinsights_sitenote_active":false,"_monsterinsights_sitenote_note":"","_monsterinsights_sitenote_category":0},"categories":[1],"tags":[185,191,199,122],"acf":[],"_links":{"self":[{"href":"https:\/\/agendaurbanacastello.es\/va\/wp-json\/wp\/v2\/posts\/3462"}],"collection":[{"href":"https:\/\/agendaurbanacastello.es\/va\/wp-json\/wp\/v2\/posts"}],"about":[{"href":"https:\/\/agendaurbanacastello.es\/va\/wp-json\/wp\/v2\/types\/post"}],"author":[{"embeddable":true,"href":"https:\/\/agendaurbanacastello.es\/va\/wp-json\/wp\/v2\/users\/1"}],"replies":[{"embeddable":true,"href":"https:\/\/agendaurbanacastello.es\/va\/wp-json\/wp\/v2\/comments?post=3462"}],"version-history":[{"count":1,"href":"https:\/\/agendaurbanacastello.es\/va\/wp-json\/wp\/v2\/posts\/3462\/revisions"}],"predecessor-version":[{"id":3466,"href":"https:\/\/agendaurbanacastello.es\/va\/wp-json\/wp\/v2\/posts\/3462\/revisions\/3466"}],"wp:featuredmedia":[{"embeddable":true,"href":"https:\/\/agendaurbanacastello.es\/va\/wp-json\/wp\/v2\/media\/3463"}],"wp:attachment":[{"href":"https:\/\/agendaurbanacastello.es\/va\/wp-json\/wp\/v2\/media?parent=3462"}],"wp:term":[{"taxonomy":"category","embeddable":true,"href":"https:\/\/agendaurbanacastello.es\/va\/wp-json\/wp\/v2\/categories?post=3462"},{"taxonomy":"post_tag","embeddable":true,"href":"https:\/\/agendaurbanacastello.es\/va\/wp-json\/wp\/v2\/tags?post=3462"}],"curies":[{"name":"wp","href":"https:\/\/api.w.org\/{rel}","templated":true}]}}