{"id":44,"date":"2020-11-04T12:09:10","date_gmt":"2020-11-04T12:09:10","guid":{"rendered":"http:\/\/agendaurbanacastello.enreda.coop\/?p=44"},"modified":"2020-11-04T12:09:10","modified_gmt":"2020-11-04T12:09:10","slug":"la-agenda-urbana-castello-2030-marcara-el-desarrollo-de-la-ciudad-de-la-proxima-decada","status":"publish","type":"post","link":"https:\/\/agendaurbanacastello.es\/va\/la-agenda-urbana-castello-2030-marcara-el-desarrollo-de-la-ciudad-de-la-proxima-decada\/","title":{"rendered":"La Agenda Urbana Castell\u00f3 2030 marcar\u00e1 el desarrollo de la ciudad de la pr\u00f3xima d\u00e9cada"},"content":{"rendered":"<p><strong>La alcaldesa destaca la elaboraci\u00f3n del documento que trazar\u00e1 la transformaci\u00f3n de la ciudad bajo criterios de sostenibilidad<\/strong><\/p>\n\n\n\n<p>La Junta de Gobierno Local del Ayuntamiento de Castell\u00f3 ha aprobado el pliego de prescripciones para contratar la asistencia t\u00e9cnica para la elaboraci\u00f3n, implementaci\u00f3n, seguimiento y evaluaci\u00f3n de la Agenda Urbana Castell\u00f3 2030. Un documento que sentar\u00e1 las bases que deben orientar el desarrollo de la ciudad y los proyectos que puedan actuar como motores de transformaci\u00f3n en el horizonte temporal de los pr\u00f3ximos 10 a\u00f1os.<\/p>\n\n\n\n<p>&#8220;Desde el equipo de gobierno estamos dando los primeros pasos para definir el Castell\u00f3 de la pr\u00f3xima d\u00e9cada, con la elaboraci\u00f3n de la Agenda Urbana Castell\u00f3 2030, cuya contrataci\u00f3n ha pasado por junta de gobierno&#8221;, ha explicado la alcaldesa, Amparo Marco. &#8220;Es la hoja de ruta que marcar\u00e1 los proyectos que ser\u00e1n el motor de transformaci\u00f3n de la ciudad, bajo unos criterios de desarrollo sostenible que mejoren la calidad de vida de la ciudadan\u00eda&#8221;, ha explicado la alcaldesa, Amparo Marco.<\/p>\n\n\n\n<p>El presupuesto base de licitaci\u00f3n de este contrato asciende a 140.360 euros (IVA incluido). La l\u00ednea estrat\u00e9gica que marcar\u00e1 dar\u00e1 respuesta a los Objetivos de Desarrollo Sostenible (ODS) con los que trabaja el consistorio, incluidos en la Agenda Urbana Europea, en la Agenda Urbana de las Naciones Unidas y en la Agenda Urbana Espa\u00f1ola. Y ser\u00e1 acorde a la Estrategia de Desarrollo Urbano Sostenible e Integrado (Edusi), a trav\u00e9s de la que Castell\u00f3 ha percibido 20,2 millones de euros de fondos europeos.<\/p>\n\n\n\n<p>En base al pliego de prescripciones t\u00e9cnicas, el proceso de elaboraci\u00f3n e implementaci\u00f3n de la Agenda Urbana Castell\u00f3 2030 comprender\u00e1 varias fases, entre ellas la de comunicaci\u00f3n, diagn\u00f3stico, marco estrat\u00e9gico, redacci\u00f3n del plan de acci\u00f3n y dise\u00f1o del sistema de seguimiento y evaluaci\u00f3n.<\/p>\n\n\n\n<p>Durante el proceso de elaboraci\u00f3n, el adjudicatario deber\u00e1 recabar la opini\u00f3n de los principales agentes econ\u00f3mico, sociales y pol\u00edticos de la ciudad, con el Consejo Social de la Ciudad como \u00f3rgano vertebrador de la participaci\u00f3n, celebr\u00e1ndose al efecto entrevistas, mesas de trabajo y reuniones con los grupos de actores implicados y con la ciudadan\u00eda, as\u00ed como con las distintas concejal\u00edas y departamentos del Ayuntamiento.<\/p>\n\n\n\n<p>A partir de los resultados del diagn\u00f3stico y del marco estrat\u00e9gico, se redactar\u00e1 el plan de acci\u00f3n, en el que deber\u00e1n tenerse en cuenta como principios horizontales y objetivos transversales, las pol\u00edticas de igualdad, el desarrollo sostenible, la accesibilidad, el cambio demogr\u00e1fico, la mitigaci\u00f3n y adaptaci\u00f3n al cambio clim\u00e1tico, la econom\u00eda circular, la innovaci\u00f3n, la transparencia y rendici\u00f3n de cuentas y la participaci\u00f3n.<\/p>\n\n\n\n<p>Con los documentos resultantes de cada una de las fases que se han expuesto, el adjudicatario del contrato elaborar\u00e1 un \u00fanico documento de Agenda Urbana Castell\u00f3 2030 (que incluir\u00e1 diagn\u00f3stico, marco estrat\u00e9gico, plan de acci\u00f3n y sistema de seguimiento y evaluaci\u00f3n).<\/p>\n\n\n\n<p>Fuente Original: <a rel=\"noreferrer noopener\" href=\"http:\/\/www.castello.es\/web30\/pages\/noticias_web10.php?id=cas&amp;cod=15442\" data-type=\"URL\" data-id=\"http:\/\/www.castello.es\/web30\/pages\/noticias_web10.php?id=cas&amp;cod=15442\" target=\"_blank\">http:\/\/www.castello.es\/web30\/pages\/noticias_web10.php?id=cas&amp;cod=15442<\/a><\/p>","protected":false},"excerpt":{"rendered":"<p>La alcaldesa destaca la elaboraci\u00f3n del documento que trazar\u00e1 la transformaci\u00f3n de la ciudad bajo criterios de sostenibilidad La Junta de Gobierno Local del Ayuntamiento de Castell\u00f3 ha aprobado el&#8230;<\/p>","protected":false},"author":1,"featured_media":0,"comment_status":"closed","ping_status":"closed","sticky":false,"template":"","format":"standard","meta":{"_monsterinsights_skip_tracking":false,"_monsterinsights_sitenote_active":false,"_monsterinsights_sitenote_note":"","_monsterinsights_sitenote_category":0},"categories":[1],"tags":[],"acf":[],"_links":{"self":[{"href":"https:\/\/agendaurbanacastello.es\/va\/wp-json\/wp\/v2\/posts\/44"}],"collection":[{"href":"https:\/\/agendaurbanacastello.es\/va\/wp-json\/wp\/v2\/posts"}],"about":[{"href":"https:\/\/agendaurbanacastello.es\/va\/wp-json\/wp\/v2\/types\/post"}],"author":[{"embeddable":true,"href":"https:\/\/agendaurbanacastello.es\/va\/wp-json\/wp\/v2\/users\/1"}],"replies":[{"embeddable":true,"href":"https:\/\/agendaurbanacastello.es\/va\/wp-json\/wp\/v2\/comments?post=44"}],"version-history":[{"count":1,"href":"https:\/\/agendaurbanacastello.es\/va\/wp-json\/wp\/v2\/posts\/44\/revisions"}],"predecessor-version":[{"id":45,"href":"https:\/\/agendaurbanacastello.es\/va\/wp-json\/wp\/v2\/posts\/44\/revisions\/45"}],"wp:attachment":[{"href":"https:\/\/agendaurbanacastello.es\/va\/wp-json\/wp\/v2\/media?parent=44"}],"wp:term":[{"taxonomy":"category","embeddable":true,"href":"https:\/\/agendaurbanacastello.es\/va\/wp-json\/wp\/v2\/categories?post=44"},{"taxonomy":"post_tag","embeddable":true,"href":"https:\/\/agendaurbanacastello.es\/va\/wp-json\/wp\/v2\/tags?post=44"}],"curies":[{"name":"wp","href":"https:\/\/api.w.org\/{rel}","templated":true}]}}