{"id":445,"date":"2020-11-18T16:47:00","date_gmt":"2020-11-18T16:47:00","guid":{"rendered":"http:\/\/agendaurbanacastello.enreda.coop\/?p=445"},"modified":"2021-03-30T16:50:32","modified_gmt":"2021-03-30T16:50:32","slug":"castello-activa-los-grupos-de-trabajo-de-la-agenda-urbana-que-definen-la-estrategia-de-ciudad","status":"publish","type":"post","link":"https:\/\/agendaurbanacastello.es\/va\/castello-activa-los-grupos-de-trabajo-de-la-agenda-urbana-que-definen-la-estrategia-de-ciudad\/","title":{"rendered":"Castell\u00f3 activa los grupos de trabajo de la Agenda Urbana que definen la estrategia de ciudad"},"content":{"rendered":"<p>El Ayuntamiento de Castell\u00f3 ha iniciado hoy las sesiones de los grupos de trabajo de la Agenda Urbana, arrancando as\u00ed el proceso de elaboraci\u00f3n del instrumento estrat\u00e9gico de ciudad orientado a la consecuci\u00f3n de los Objetivos de Desarrollo Sostenible (ODS). La primera reuni\u00f3n, celebrada esta ma\u00f1ana, ha sido la del grupo 1, Modelo de Ciudad y Ordenaci\u00f3n del Territorio, y el calendario de esta primera fase de diagn\u00f3stico seguir\u00e1 ma\u00f1ana con la sesi\u00f3n del grupo 3, Cohesi\u00f3n social, Igualdad y Vivienda. El viernes 20 ser\u00e1 la del grupo 4, Econom\u00eda Urbana Sostenible; el 25 de noviembre la del grupo 2, Cambio clim\u00e1tico, Resiliencia y Sostenibilidad, y el 30 de noviembre, la del grupo 5, Innovaci\u00f3n Digital e Instrumentos de Intervenci\u00f3n y Gobernanza.<\/p>\n\n\n\n<p>\u201cHan empezado ya las reuniones de los grupos de trabajo de la Agenda Urbana de Castell\u00f3, que ser\u00e1 modelo para todo el pa\u00eds en su implementaci\u00f3n, como as\u00ed lo firmamos en el protocolo con el Ministerio de Transportes, Movilidad y Agenda Urbana\u201d, ha asegurado la alcaldesa, Amparo Marco. \u201cEstamos elaborando as\u00ed una estrategia de futuro que integre las diversas pol\u00edticas urbanas que permitan transformar Castell\u00f3 con par\u00e1metros de sostenibilidad social, ambiental y econ\u00f3mica\u201d, ha puntualizado Marco.<\/p>\n\n\n\n<p>Estas primeras sesiones de trabajo que activan los grupos se centran en identificar, de manera preliminar y colaborativa por parte de los equipos, de los que forman parte concejales y concejales del equipo de gobierno, y t\u00e9cnicos municipales, las principales debilidades, amenazas, fortalezas y oportunidades de Castell\u00f3 en materia de desarrollo urbano sostenible, inteligente e inclusivo. Para ello, se emplear\u00e1n t\u00e9cnicas online de creatividad y participaci\u00f3n que facilitar\u00e1n el proceso de co-creaci\u00f3n y la obtenci\u00f3n de conclusiones de valor para seguir avanzando en la definici\u00f3n de la Agenda Urbana.<\/p>\n\n\n\n<p>Las principales funciones de estos primeros encuentros telem\u00e1ticos de los grupos, son: facilitar informaci\u00f3n de valor al equipo consultor, en relaci\u00f3n con los planes estrat\u00e9gicos y\/o sectoriales previos o en vigor; y validar las conclusiones clave de las diferentes fases del proceso de definici\u00f3n de la Agenda Urbana, antes de iniciar el proceso de validaci\u00f3n y contraste con el Consejo Social y resto de agentes clave de la ciudad.<\/p>\n\n\n\n<p>Por su parte, el Consejo Social de la ciudad jugar\u00e1 un papel fundamental a lo largo de todo el proceso de definici\u00f3n de la Agenda Urbana, a trav\u00e9s de la participaci\u00f3n ciudadana externa al consistorio.<\/p>\n\n\n\n<p>La direcci\u00f3n pol\u00edtica de la Agenda Urbana la har\u00e1 la alcaldesa, Amparo Marco; y la direcci\u00f3n t\u00e9cnica, la directora de la Oficina de Planificaci\u00f3n y Proyecci\u00f3n Econ\u00f3mica, Carmen Vilanova. Adem\u00e1s, el equipo de gobierno al completo est\u00e1 distribuido en cinco grupos de trabajo que se han definido de la siguiente manera: el 1 es el Modelo de Ciudad y Ordenaci\u00f3n del Territorio, del que forman parte Jos\u00e9 Luis L\u00f3pez, Pilar Escuder, Jorge Ribes y Ver\u00f3nica Ruiz; en el 2, Cambio Clim\u00e1tico, Resiliencia y Sostenibilidad, est\u00e1n Fernando Navarro, Jos\u00e9 Luis L\u00f3pez, Pilar Escuder, David Donate, Ignasi Garcia, David Donate y Jorge Ribes; el 3, Cohesi\u00f3n Social, Igualdad y Vivienda, est\u00e1 integrado por Mary Carmen Ribera, Isabel Granero, Jorge Ribes, Ver\u00f3nica Ruiz, David Donate, Francesc Mezquita, Omar Braina y Mar\u00eda Jes\u00fas Garrido; en el grupo 4, Econom\u00eda Urbana Sostenible, est\u00e1n Patricia Puerta, David Donate, Pilar Escuder y Monica Barab\u00e1s; y en el grupo 5, Innovaci\u00f3n Digital e Instrumentos de Intervenci\u00f3n y Gobernanza, Amparo Marco, Monica Barab\u00e1s, David Donate, Jos\u00e9 Luis L\u00f3pez, Ignasi Garcia y Pilar Escuder. Adem\u00e1s, se han designado tambi\u00e9n t\u00e9cnicos municipales para cada uno de los grupos.<\/p>","protected":false},"excerpt":{"rendered":"<p>El Ayuntamiento de Castell\u00f3 ha iniciado hoy las sesiones de los grupos de trabajo de la Agenda Urbana, arrancando as\u00ed el proceso de elaboraci\u00f3n del instrumento estrat\u00e9gico de ciudad orientado&#8230;<\/p>","protected":false},"author":1,"featured_media":446,"comment_status":"closed","ping_status":"closed","sticky":false,"template":"","format":"standard","meta":{"_monsterinsights_skip_tracking":false,"_monsterinsights_sitenote_active":false,"_monsterinsights_sitenote_note":"","_monsterinsights_sitenote_category":0},"categories":[1],"tags":[],"acf":[],"_links":{"self":[{"href":"https:\/\/agendaurbanacastello.es\/va\/wp-json\/wp\/v2\/posts\/445"}],"collection":[{"href":"https:\/\/agendaurbanacastello.es\/va\/wp-json\/wp\/v2\/posts"}],"about":[{"href":"https:\/\/agendaurbanacastello.es\/va\/wp-json\/wp\/v2\/types\/post"}],"author":[{"embeddable":true,"href":"https:\/\/agendaurbanacastello.es\/va\/wp-json\/wp\/v2\/users\/1"}],"replies":[{"embeddable":true,"href":"https:\/\/agendaurbanacastello.es\/va\/wp-json\/wp\/v2\/comments?post=445"}],"version-history":[{"count":1,"href":"https:\/\/agendaurbanacastello.es\/va\/wp-json\/wp\/v2\/posts\/445\/revisions"}],"predecessor-version":[{"id":447,"href":"https:\/\/agendaurbanacastello.es\/va\/wp-json\/wp\/v2\/posts\/445\/revisions\/447"}],"wp:featuredmedia":[{"embeddable":true,"href":"https:\/\/agendaurbanacastello.es\/va\/wp-json\/wp\/v2\/media\/446"}],"wp:attachment":[{"href":"https:\/\/agendaurbanacastello.es\/va\/wp-json\/wp\/v2\/media?parent=445"}],"wp:term":[{"taxonomy":"category","embeddable":true,"href":"https:\/\/agendaurbanacastello.es\/va\/wp-json\/wp\/v2\/categories?post=445"},{"taxonomy":"post_tag","embeddable":true,"href":"https:\/\/agendaurbanacastello.es\/va\/wp-json\/wp\/v2\/tags?post=445"}],"curies":[{"name":"wp","href":"https:\/\/api.w.org\/{rel}","templated":true}]}}