{"id":454,"date":"2021-02-15T16:57:00","date_gmt":"2021-02-15T16:57:00","guid":{"rendered":"http:\/\/agendaurbanacastello.enreda.coop\/?p=454"},"modified":"2021-03-30T16:58:47","modified_gmt":"2021-03-30T16:58:47","slug":"el-consejo-social-de-castello-valida-los-retos-de-desarrollo-sostenible-que-fija-la-agenda-urbana","status":"publish","type":"post","link":"https:\/\/agendaurbanacastello.es\/va\/el-consejo-social-de-castello-valida-los-retos-de-desarrollo-sostenible-que-fija-la-agenda-urbana\/","title":{"rendered":"El Consejo Social de Castell\u00f3 valida los retos de desarrollo sostenible que fija la Agenda Urbana"},"content":{"rendered":"<p>La alcaldesa de Castell\u00f3,&nbsp;<strong>Amparo Marco<\/strong>, ha presidido este lunes el Consejo Social de la Ciudad, en una sesi\u00f3n de trabajo para exponer los principales resultados y conclusiones del diagn\u00f3stico de situaci\u00f3n para la elaboraci\u00f3n de la Agenda Urbana. Una reuni\u00f3n con la que se da por finalizada la fase de diagn\u00f3stico, dando paso al trabajo de formulaci\u00f3n estrat\u00e9gica a trav\u00e9s del que se definir\u00e1n las grandes l\u00edneas de actuaci\u00f3n que guiar\u00e1n a la ciudad hacia una mayor sostenibilidad social, medioambiental, econ\u00f3mica y digital.<\/p>\n\n\n\n<p>\u201cLas conclusiones del primer diagn\u00f3stico de los grupos pol\u00edtico-t\u00e9cnicos que est\u00e1n participando en la elaboraci\u00f3n de la Agenda Urbana de Castell\u00f3 se han elevado al Consejo Social de la Ciudad, para su contraste y validaci\u00f3n. Contamos as\u00ed con el m\u00e1ximo \u00f3rgano de participaci\u00f3n ciudadana de la ciudad, amplio y plural, para elaborar con su colaboraci\u00f3n un documento estrat\u00e9gico que integrar\u00e1 las pol\u00edticas urbanas, actuaciones que permitan transformar Castell\u00f3 con par\u00e1metros de sostenibilidad social, ambiental y econ\u00f3mica\u201d, ha explicado la alcaldesa. \u201cDe esta manera, avanzamos en la Agenda Urbana de Castell\u00f3, que ser\u00e1 referente a nivel estatal, tal y como suscribimos en el convenio con el Ministerio hace unos meses, convirtiendo a Castell\u00f3 en ejemplo para que otros municipios definan su modelo de desarrollo urbano sostenible durante los pr\u00f3ximos a\u00f1os\u201d, ha subrayado Marco.&nbsp;<\/p>\n\n\n\n<p>Hasta la fecha, la primera fase del proceso se hab\u00eda centrado en la participaci\u00f3n pol\u00edtico-t\u00e9cnica de diferentes representantes del equipo municipal, quienes, a trav\u00e9s de cinco grupos de trabajo y diferentes din\u00e1micas participativas, han aportado documentaci\u00f3n estrat\u00e9gica e informaci\u00f3n de valor acerca de la realidad de la ciudad en relaci\u00f3n con los diez ejes estrat\u00e9gicos sobre los que se articular\u00e1 la estrategia de desarrollo urbano y sostenible de Castell\u00f3. Los resultados y conclusiones del diagn\u00f3stico han dado lugar a la definici\u00f3n de una serie de retos de ciudad.<\/p>\n\n\n\n<p>En relaci\u00f3n a territorio, medio ambiente y modelo de ciudad, se ha determinado que hay que mejorar las infraestructuras verdes, tanto cuantitativa como cualitativamente; potenciar y revitalizar el patrimonio cultural y natural; recuperar y revitalizar el patrimonio y la producci\u00f3n agr\u00edcola; y conseguir un modelo de ciudad racional con infraestructuras y dotaciones que se adapten a las necesidades de la ciudadan\u00eda.<\/p>\n\n\n\n<p>En cuanto a cambio clim\u00e1tico, movilidad y gesti\u00f3n sostenible de los recursos, se ha detectado que hay que concienciar, sensibilizar y capacitar a la ciudadan\u00eda; mejorar el urbanismo para aumentar la resiliencia de Castell\u00f3 frente al cambio clim\u00e1tico; aumentar el n\u00famero de viales peatonales y ciclistas; continuar trabajando en la l\u00ednea de ordenar el sistema de transporte p\u00fablico; cerrar el ciclo de los materiales e implementar la econom\u00eda circular como m\u00e9todo de gesti\u00f3n de recursos, energ\u00eda, materiales, agua y residuos.<\/p>\n\n\n\n<p>Respecto a cohesi\u00f3n social y econom\u00eda urbana, se apuesta por favorecer la equidad en el desarrollo urbano y seguir trabajando contra las bolsas de pobreza, la exclusi\u00f3n social y la desigualdad, especialmente en el actual contexto de crisis covid-19; garantizar la igualdad de oportunidades entre hombres y mujeres; continuar fomentando la econom\u00eda social y modelos econ\u00f3micos alternativos para contribuir a enriquecer la econom\u00eda de la ciudad y explotar su potencial en cuanto a actividad econ\u00f3mica; y disminuir las dificultades de acceso a la vivienda.<\/p>\n\n\n\n<p>En relaci\u00f3n a innovaci\u00f3n y gobernanza, algunos de los retos identificados durante la primera fase de elaboraci\u00f3n de la Agenda Urbana son: incrementar la utilizaci\u00f3n de las TICs en la gesti\u00f3n urbana; asegurar la financiaci\u00f3n para la transformaci\u00f3n digital; reducir la brecha digital; lograr un mayor trabajo en red de administraci\u00f3n, empresas y ciudadan\u00eda; y alinear las pol\u00edticas locales de regeneraci\u00f3n urbana con las pol\u00edticas territoriales y nacionales.<\/p>\n\n\n\n<p>Estos retos urbanos a los que se enfrenta Castell\u00f3 para fomentar un desarrollo urbano m\u00e1s sostenible, inteligente e inclusivo, son los que se han llevado a validaci\u00f3n del Consejo Social, de manera que diferentes representantes de la ciudadan\u00eda han podido realizar sus aportaciones de manera activa en el proceso de definici\u00f3n de la Agenda Urbana, dando por finalizada la fase de diagn\u00f3stico del documento estrat\u00e9gico de ciudad.<\/p>","protected":false},"excerpt":{"rendered":"<p>La alcaldesa de Castell\u00f3,&nbsp;Amparo Marco, ha presidido este lunes el Consejo Social de la Ciudad, en una sesi\u00f3n de trabajo para exponer los principales resultados y conclusiones del diagn\u00f3stico de&#8230;<\/p>","protected":false},"author":1,"featured_media":455,"comment_status":"closed","ping_status":"closed","sticky":false,"template":"","format":"standard","meta":{"_monsterinsights_skip_tracking":false,"_monsterinsights_sitenote_active":false,"_monsterinsights_sitenote_note":"","_monsterinsights_sitenote_category":0},"categories":[1],"tags":[],"acf":[],"_links":{"self":[{"href":"https:\/\/agendaurbanacastello.es\/va\/wp-json\/wp\/v2\/posts\/454"}],"collection":[{"href":"https:\/\/agendaurbanacastello.es\/va\/wp-json\/wp\/v2\/posts"}],"about":[{"href":"https:\/\/agendaurbanacastello.es\/va\/wp-json\/wp\/v2\/types\/post"}],"author":[{"embeddable":true,"href":"https:\/\/agendaurbanacastello.es\/va\/wp-json\/wp\/v2\/users\/1"}],"replies":[{"embeddable":true,"href":"https:\/\/agendaurbanacastello.es\/va\/wp-json\/wp\/v2\/comments?post=454"}],"version-history":[{"count":1,"href":"https:\/\/agendaurbanacastello.es\/va\/wp-json\/wp\/v2\/posts\/454\/revisions"}],"predecessor-version":[{"id":456,"href":"https:\/\/agendaurbanacastello.es\/va\/wp-json\/wp\/v2\/posts\/454\/revisions\/456"}],"wp:featuredmedia":[{"embeddable":true,"href":"https:\/\/agendaurbanacastello.es\/va\/wp-json\/wp\/v2\/media\/455"}],"wp:attachment":[{"href":"https:\/\/agendaurbanacastello.es\/va\/wp-json\/wp\/v2\/media?parent=454"}],"wp:term":[{"taxonomy":"category","embeddable":true,"href":"https:\/\/agendaurbanacastello.es\/va\/wp-json\/wp\/v2\/categories?post=454"},{"taxonomy":"post_tag","embeddable":true,"href":"https:\/\/agendaurbanacastello.es\/va\/wp-json\/wp\/v2\/tags?post=454"}],"curies":[{"name":"wp","href":"https:\/\/api.w.org\/{rel}","templated":true}]}}