{"id":49,"date":"2020-11-02T12:14:45","date_gmt":"2020-11-02T12:14:45","guid":{"rendered":"http:\/\/agendaurbanacastello.enreda.coop\/?p=49"},"modified":"2020-12-21T11:26:10","modified_gmt":"2020-12-21T11:26:10","slug":"castello-se-convierte-en-el-primer-municipio-valenciano-en-impulsar-su-agenda-urbana-2030","status":"publish","type":"post","link":"https:\/\/agendaurbanacastello.es\/va\/castello-se-convierte-en-el-primer-municipio-valenciano-en-impulsar-su-agenda-urbana-2030\/","title":{"rendered":"Castell\u00f3 se convierte en el primer municipio valenciano en impulsar su Agenda Urbana 2030"},"content":{"rendered":"<figure class=\"wp-block-image size-large\"><img loading=\"lazy\" width=\"714\" height=\"476\" src=\"http:\/\/agendaurbanacastello.enreda.coop\/wp-content\/uploads\/2020\/11\/imagen_2020-11-04_131312.png\" alt=\"\" class=\"wp-image-50\" srcset=\"https:\/\/agendaurbanacastello.es\/wp-content\/uploads\/2020\/11\/imagen_2020-11-04_131312.png 714w, https:\/\/agendaurbanacastello.es\/wp-content\/uploads\/2020\/11\/imagen_2020-11-04_131312-300x200.png 300w, https:\/\/agendaurbanacastello.es\/wp-content\/uploads\/2020\/11\/imagen_2020-11-04_131312-365x243.png 365w\" sizes=\"(max-width: 714px) 100vw, 714px\" \/><\/figure>\n\n\n\n<p><strong>El Ayuntamiento adjudica la asistencia t\u00e9cnica para elaborar la estrategia de la ciudad en l\u00ednea con los ODS e iniciar\u00e1 en septiembre la fase de consultas<\/strong><\/p>\n\n\n\n<p>El Ayuntamiento de Castell\u00f3 ha aprobado la adjudicaci\u00f3n del contrato de asistencia t\u00e9cnica para la elaboraci\u00f3n, implementaci\u00f3n, seguimiento y evaluaci\u00f3n de la Agenda Urbana Castell\u00f3 2030, un documento estrat\u00e9gico que sentar\u00e1 las bases del desarrollo de la ciudad y de los proyectos que actuar\u00e1n de motor de transformaci\u00f3n en los pr\u00f3ximos diez a\u00f1os. Los trabajos iniciar\u00e1n el pr\u00f3ximo mes de septiembre y se espera contar con el Plan de Acci\u00f3n a finales de 2021. De esta forma, Castell\u00f3 se convierte en el primer municipio valenciano en abordar la elaboraci\u00f3n de su Agenda Urbana Local y el tercero a nivel estatal.<\/p>\n\n\n\n<p>La alcaldesa de Castell\u00f3, Amparo Marco, ha recalcado la importancia de este paso para la ciudad. &#8220;Somos una de las ciudades espa\u00f1olas m\u00e1s comprometidas con este proceso para elaborar la Agenda Urbana que marcar\u00e1 nuestro desarrollo ligado a los ODS y al dise\u00f1o de un Castell\u00f3 m\u00e1s inclusivo, sostenible y resiliente&#8221;, ha indicado. Marco ha recordado que la elaboraci\u00f3n de este documento estrat\u00e9gico ser\u00e1 fundamental para captar m\u00e1s fondos europeos y que, en este proceso, &#8220;Castell\u00f3 va por delante&#8221;. En este sentido, ha recordado que el Ayuntamiento firmar\u00e1 un protocolo con el Ministerio de Transportes, Movilidad y Agenda Urbana que posicionar\u00e1 a la ciudad como referente para la elaboraci\u00f3n de las Agendas Urbanas Locales de otros municipios espa\u00f1oles.<\/p>\n\n\n\n<p>En concreto, el contrato para la prestaci\u00f3n del servicio de asistencia t\u00e9cnica para la elaboraci\u00f3n, implementaci\u00f3n, seguimiento y evaluaci\u00f3n de la Agenda Urbana Castell\u00f3 2030 ha sido adjudicado a Techfriendly SL por un importe total de 98.252 euros (IVA incluido).<\/p>\n\n\n\n<p>Marco ha recordado que Castell\u00f3 inici\u00f3 en 2016 un proceso de reflexi\u00f3n estrat\u00e9gica para el dise\u00f1o de la Estrategia Edusi, con el que se lograron 20,2 millones. Tras la aprobaci\u00f3n de los Objetivos de Desarrollo Sostenible (ODS) incluidos en la Agenda Urbana Europea, en la Agenda Urbana de las Naciones Unidas y la Agenda Urbana Espa\u00f1ola, el gobierno municipal inicia el camino para su Agenda Urbana local. Un proceso que se coordina desde Alcald\u00eda y la Oficina de Planificaci\u00f3n y Proyecci\u00f3n Econ\u00f3mica.<\/p>\n\n\n\n<p>El proceso de elaboraci\u00f3n arrancar\u00e1 en septiembre y cuenta con cinco fases: elaboraci\u00f3n del Diagn\u00f3stico Estrat\u00e9gico (seis meses de plazo de ejecuci\u00f3n), Documento Marco Estatr\u00e9gico (3 meses), Plan de Acci\u00f3n de la Agenda Urbana Castell\u00f3 2030 (6 meses), dise\u00f1o del sistema de seguimiento y evaluaci\u00f3n (3 meses) e inicio de la implementaci\u00f3n del sistema de seguimiento y evaluaci\u00f3n (18 meses).<\/p>\n\n\n\n<p>La primera fase, que arrancar\u00e1 en septiembre, tiene como objetivo la elaboraci\u00f3n del Diagn\u00f3stico Estrat\u00e9gico, un documento que ser\u00e1 el punto de partida que se\u00f1alar\u00e1 la realidad urbana de Castell\u00f3 y que identificar\u00e1 los retos desde una perspectiva integrada y alineada con los ODS.<\/p>\n\n\n\n<p>Durante esta fase, el adjudicatario recabar\u00e1 la opini\u00f3n de los principales agentes econ\u00f3micos, sociales y pol\u00edticos de la ciudad, con el Consejo Social de la Ciudad como el \u00f3rgano vertebrador de la participaci\u00f3n. &#8220;Queremos recabar las opiniones y aportaciones de todo el tejido social de Castell\u00f3 en este camino que hemos iniciado para ligar nuestro futuro al dise\u00f1o de una ciudad m\u00e1s sostenible, integradora y amable para la ciudadan\u00eda&#8221;, ha apuntado Marco.<\/p>\n\n\n\n<p>La siguiente fase ser\u00e1 la de elaboraci\u00f3n del Documento Marco Estrat\u00e9gico que definir\u00e1 los objetivos espec\u00edficos propios de nuestra Agenda Urbana Local y el mapa de l\u00edneas de actuaci\u00f3n.<\/p>\n\n\n\n<p>Posteriormente se abordar\u00e1 el Plan de Acci\u00f3n, un documento que incluir\u00e1 una propuesta concreta de planes, programas y proyectos o acciones espec\u00edficas a desarrollar hasta 2030. La previsi\u00f3n es contar con este Plan a finales de 2021.<\/p>\n\n\n\n<p>El Plan de Acci\u00f3n se basar\u00e1 en los principios de igualdad entre hombres y mujeres y no discriminaci\u00f3n, desarrollo sostenible, accesibilidad, cambio demogr\u00e1fico, mitigaci\u00f3n y adaptaci\u00f3n al cambio clim\u00e1tico, econom\u00eda circular, innovaci\u00f3n, transparencia y rendici\u00f3n de cuentas, y participaci\u00f3n.<\/p>\n\n\n\n<p>Por otro lado, el pleno del Ayuntamiento de Castell\u00f3 del pr\u00f3ximo jueves aprobar\u00e1 su adhesi\u00f3n a la Red de Entidades Locales para el desarrollo de los Objetivos de Desarrollo Sostenible (ODS) de la Agenda 2030, un instrumento creado por la Federaci\u00f3n Espa\u00f1ola de Municipios y Provincias (FEMP) y que ofrece herramientas a los gobiernos locales para que alcancen sus objetivos, de acuerdo con la implementaci\u00f3n de la Agenda 2030 en Espa\u00f1a.<\/p>\n\n\n\n<p>Fuente Original: <a href=\"http:\/\/www.castello.es\/web30\/pages\/noticias_web10.php?id=cas&amp;cod=16180\" target=\"_blank\" rel=\"noreferrer noopener\">http:\/\/www.castello.es\/web30\/pages\/noticias_web10.php?id=cas&amp;cod=16180<\/a><\/p>","protected":false},"excerpt":{"rendered":"<p>El Ayuntamiento adjudica la asistencia t\u00e9cnica para elaborar la estrategia de la ciudad en l\u00ednea con los ODS e iniciar\u00e1 en septiembre la fase de consultas El Ayuntamiento de Castell\u00f3&#8230;<\/p>","protected":false},"author":1,"featured_media":0,"comment_status":"closed","ping_status":"closed","sticky":false,"template":"","format":"standard","meta":{"_monsterinsights_skip_tracking":false,"_monsterinsights_sitenote_active":false,"_monsterinsights_sitenote_note":"","_monsterinsights_sitenote_category":0},"categories":[1],"tags":[],"acf":[],"_links":{"self":[{"href":"https:\/\/agendaurbanacastello.es\/va\/wp-json\/wp\/v2\/posts\/49"}],"collection":[{"href":"https:\/\/agendaurbanacastello.es\/va\/wp-json\/wp\/v2\/posts"}],"about":[{"href":"https:\/\/agendaurbanacastello.es\/va\/wp-json\/wp\/v2\/types\/post"}],"author":[{"embeddable":true,"href":"https:\/\/agendaurbanacastello.es\/va\/wp-json\/wp\/v2\/users\/1"}],"replies":[{"embeddable":true,"href":"https:\/\/agendaurbanacastello.es\/va\/wp-json\/wp\/v2\/comments?post=49"}],"version-history":[{"count":1,"href":"https:\/\/agendaurbanacastello.es\/va\/wp-json\/wp\/v2\/posts\/49\/revisions"}],"predecessor-version":[{"id":51,"href":"https:\/\/agendaurbanacastello.es\/va\/wp-json\/wp\/v2\/posts\/49\/revisions\/51"}],"wp:attachment":[{"href":"https:\/\/agendaurbanacastello.es\/va\/wp-json\/wp\/v2\/media?parent=49"}],"wp:term":[{"taxonomy":"category","embeddable":true,"href":"https:\/\/agendaurbanacastello.es\/va\/wp-json\/wp\/v2\/categories?post=49"},{"taxonomy":"post_tag","embeddable":true,"href":"https:\/\/agendaurbanacastello.es\/va\/wp-json\/wp\/v2\/tags?post=49"}],"curies":[{"name":"wp","href":"https:\/\/api.w.org\/{rel}","templated":true}]}}