{"id":571,"date":"2022-04-01T08:53:00","date_gmt":"2022-04-01T08:53:00","guid":{"rendered":"http:\/\/agendaurbana.castello.es\/?p=571"},"modified":"2022-04-04T10:03:06","modified_gmt":"2022-04-04T10:03:06","slug":"la-agenda-urbana-de-castello-premia-14-proyectos-emprendedo","status":"publish","type":"post","link":"https:\/\/agendaurbanacastello.es\/va\/la-agenda-urbana-de-castello-premia-14-proyectos-emprendedo\/","title":{"rendered":"L'Agenda Urbana de Castell\u00f3 premia 14 projectes emprenedors"},"content":{"rendered":"<h2><strong>46 iniciatives s'han presentat a la primera edici\u00f3 dels Premis al Talent Emprenedor UJI<\/strong>-Ajuntament de Castell\u00f3<\/h2>\n\n\n\n<p>L'Ajuntament de Castell\u00f3 de la Plana i la Universitat Jaume I han entregat hui dijous 31 de mar\u00e7 els guardons de la primera edici\u00f3 dels Premis al Talent Emprenedor de l'Estudiantat UJI, dotats amb un import total de 125.000 euros, i en els quals s'ha reconegut a 14 dels 46 projectes presentats en les tres categories contemplades en la convocat\u00f2ria. Els premis s\u00f3n finan\u00e7ats pels Fons Next Generation de la Uni\u00f3 Europea a trav\u00e9s del Pla de Recuperaci\u00f3, Transformaci\u00f3 i Resili\u00e8ncia, per a l'elaboraci\u00f3 de l'Agenda Urbana Castell\u00f3 2030.<\/p>\n\n\n\n<h3>Categoria acceleraci\u00f3 empresarial, primer per al Centre per a l'Estudi de la Biodegradaci\u00f3<\/h3>\n\n\n\n<p>En la categoria d'acceleraci\u00f3 empresarial UJI-Ajuntament de Castell\u00f3 per a les millors noves empreses de recent creaci\u00f3, el projecte guanyador del primer premi dotat amb 30.000 euros ha sigut per a<strong> CEBIMAT, S.L., Centre per a l'Estudi de la Biodegradaci\u00f3<\/strong>, empresa de serveis relacionats amb els materials biodegradables, especialment en tasques de mesurament de la biodegradabilitat i la compostabilidad. A m\u00e9s, s'han atorgat tres acc\u00e8ssits de 20.000 euros cadascun a<strong> <a href=\"https:\/\/comparkmobility.com\/\" target=\"_blank\" rel=\"noreferrer noopener\" title=\"Compark Mobility\">Compark Mobility<\/a>.S.L<\/strong>, aplicaci\u00f3 m\u00f2bil gratu\u00efta perqu\u00e8 els usuaris de vehicles de mobilitat personal puguen consultar els llocs d'aparcaments disponibles a la seua ciutat; a<strong> Movemo Ib\u00e9rica, S.L. (<a href=\"https:\/\/www.momoven.es\/\" target=\"_blank\" rel=\"noreferrer noopener\" title=\"Momoven\">Momoven<\/a>),<\/strong> plataforma que permet als propietaris de motos posar la seua moto en lloguer i traure una rendibilitat extra quan no la utilitza de manera f\u00e0cil i segura, i a <a href=\"https:\/\/thejokfun.com\/\" target=\"_blank\" rel=\"noreferrer noopener\" title=\"The Jokfun\"><strong>The Jokfun<\/strong><\/a>, model de negoci innovador en el qual els usuaris s\u00f3n recompensats pel valor real aportat a la plataforma, com a dades i contingut de valor, solucionant la gesti\u00f3 de les dades dels usuaris.<\/p>\n\n\n\n<figure class=\"wp-block-image size-large\"><img loading=\"lazy\" width=\"1024\" height=\"683\" src=\"https:\/\/agendaurbana.castello.es\/wp-content\/uploads\/2022\/04\/2022-03-31-047-1024x683.jpg\" alt=\"\" class=\"wp-image-594\" srcset=\"https:\/\/agendaurbanacastello.es\/wp-content\/uploads\/2022\/04\/2022-03-31-047-1024x683.jpg 1024w, https:\/\/agendaurbanacastello.es\/wp-content\/uploads\/2022\/04\/2022-03-31-047-300x200.jpg 300w, https:\/\/agendaurbanacastello.es\/wp-content\/uploads\/2022\/04\/2022-03-31-047-768x512.jpg 768w, https:\/\/agendaurbanacastello.es\/wp-content\/uploads\/2022\/04\/2022-03-31-047-1536x1024.jpg 1536w, https:\/\/agendaurbanacastello.es\/wp-content\/uploads\/2022\/04\/2022-03-31-047-2048x1365.jpg 2048w, https:\/\/agendaurbanacastello.es\/wp-content\/uploads\/2022\/04\/2022-03-31-047-18x12.jpg 18w, https:\/\/agendaurbanacastello.es\/wp-content\/uploads\/2022\/04\/2022-03-31-047-365x243.jpg 365w\" sizes=\"(max-width: 1024px) 100vw, 1024px\" \/><figcaption>Acte de lliurament de Premis al Talent Emprenedor UJI-Ajuntament de Castell\u00f3. <\/figcaption><\/figure>\n\n\n\n<h3>Categoria al talent estudiantil amb vocaci\u00f3 emprenedora<\/h3>\n\n\n\n<p>En aquesta categoria s'han concedit cinc premis de 4.000 euros cadascun als seg\u00fcents projectes:<\/p>\n\n\n\n<ul><li><strong><a href=\"https:\/\/sites.google.com\/uji.es\/maddilegal\/inicio\" target=\"_blank\" rel=\"noreferrer noopener\" title=\"Maddi Legal\">Maddi Legal<\/a><\/strong>, plataforma que facilita la signatura digital de contractes o documentaci\u00f3 legal.<\/li><li><strong>ASER<\/strong>, aplicaci\u00f3 per al suport de malalties rares.<\/li><li><strong>SemanTICS<\/strong>, plataforma d'intel\u00b7lig\u00e8ncia de mercats per a la gesti\u00f3 del risc reputacional.<\/li><li><strong>Retelier<\/strong>, plataforma que facilita trobar idees de regal a mesura.<\/li><li><strong>Ecomani<\/strong>, servei integral que engloba les necessitats que es puguen tindre en una llar.<\/li><\/ul>\n\n\n\n<h3>Categoria idees disruptives vinculades als reptes de futur en \u00e0mbits estrat\u00e8gics per a la ciutat <\/h3>\n\n\n\n<p>En la secci\u00f3 d'idees disruptives vinculades als reptes de futur en \u00e0mbits estrat\u00e8gics per a la ciutat de Castell\u00f3 de la Plana s'han entregat cinc premis de 3.000 euros. Els projectes guardonats han sigut:<\/p>\n\n\n\n<ul><li><strong>ConnectApp<\/strong>, eina tecnol\u00f2gica perqu\u00e8 els ciutadans puguen compartir i traslladar a l'ajuntament les possibles necessitats en els seus respectius barris.<\/li><li><strong>Terreta Circular<\/strong>, projecte per a la creaci\u00f3 d'un centre de gesti\u00f3 de residus d'aparells el\u00e8ctrics i electr\u00f2nics.<\/li><li><strong>Rolling Router<\/strong>, aplicaci\u00f3 per a la creaci\u00f3 de rutes.<\/li><li><strong>Greengo<\/strong>, soluci\u00f3 de mobilitat el\u00e8ctrica per a Castell\u00f3 amb una flota de vehicles el\u00e8ctrics compartits.<\/li><li><strong>#Castell\u00f3nCiudadDigital<\/strong>, projecte amb el qual es pret\u00e9n posicionar a Castell\u00f3 com a ciutat digital l\u00edder a nivell nacional.<\/li><\/ul>\n\n\n\n<p>D'altra banda, entre totes les candidatures presentades, s'ha sortejat 20 inscripcions anuals de AlumniSAUJI Premium.<\/p>\n\n\n\n<figure class=\"wp-block-image size-large\"><img loading=\"lazy\" width=\"1024\" height=\"683\" src=\"http:\/\/agendaurbana.castello.es\/wp-content\/uploads\/2022\/04\/Premios-Talento-UJI-Ayuntamiento-Amparo-Marco-1024x683.jpg\" alt=\"\" class=\"wp-image-574\" srcset=\"https:\/\/agendaurbanacastello.es\/wp-content\/uploads\/2022\/04\/Premios-Talento-UJI-Ayuntamiento-Amparo-Marco-1024x683.jpg 1024w, https:\/\/agendaurbanacastello.es\/wp-content\/uploads\/2022\/04\/Premios-Talento-UJI-Ayuntamiento-Amparo-Marco-300x200.jpg 300w, https:\/\/agendaurbanacastello.es\/wp-content\/uploads\/2022\/04\/Premios-Talento-UJI-Ayuntamiento-Amparo-Marco-768x512.jpg 768w, https:\/\/agendaurbanacastello.es\/wp-content\/uploads\/2022\/04\/Premios-Talento-UJI-Ayuntamiento-Amparo-Marco-1536x1024.jpg 1536w, https:\/\/agendaurbanacastello.es\/wp-content\/uploads\/2022\/04\/Premios-Talento-UJI-Ayuntamiento-Amparo-Marco-2048x1365.jpg 2048w, https:\/\/agendaurbanacastello.es\/wp-content\/uploads\/2022\/04\/Premios-Talento-UJI-Ayuntamiento-Amparo-Marco-18x12.jpg 18w, https:\/\/agendaurbanacastello.es\/wp-content\/uploads\/2022\/04\/Premios-Talento-UJI-Ayuntamiento-Amparo-Marco-365x243.jpg 365w\" sizes=\"(max-width: 1024px) 100vw, 1024px\" \/><figcaption>Eva Alc\u00f3n i Amparo Marco en l'acte de lliurament de premis <\/figcaption><\/figure>\n\n\n\n<h3>Acte de lliurament de premis<\/h3>\n\n\n\n<p>L'acte de lliurament dels premis ha estat presidit per l'alcaldessa de Castell\u00f3, Amparo Marco, i la rectora de la Universitat Jaume I, Eva Alc\u00f3n, acompanyades per la la regidora d'Ocupaci\u00f3, Patr\u00edcia Porta, i la vicerectora d'Estudiantat i Comprom\u00eds Social, Inmaculada Rodr\u00edguez.<\/p>\n\n\n\n<p class=\"has-text-align-left\">L'alcaldessa de Castell\u00f3 de la Plana, Amparo Marco, ha donat l'enhorabona a tots els guanyadors i agra\u00eft la participaci\u00f3 de totes les persones que han concorregut a aquests primers Premis al Talent Emprenedor. \u00abDes de l'Ajuntament hem posat en marxa aquesta iniciativa amb la qual volem impulsar la creativitat, la innovaci\u00f3 i fomentar la vocaci\u00f3 emprenedora de l'estudiantat de la Universitat Jaume I\u00bb, ha manifestat. Marco ha destacat a m\u00e9s que amb aquests premis \u00abreconeixem tamb\u00e9 el talent emprenedor gr\u00e0cies a la categoria que premia a les millors noves empreses de recent creaci\u00f3\u00bb.<\/p>\n\n\n\n<p>Per part seua, la rectora de l'UJI, Eva Alc\u00f3n, ha destacat que els premis Talent Emprenedor \u00abhan suposat una oportunitat perqu\u00e8 l'estudiantat de l'UJI es promocione com a agent de canvi i d'emprenedoria. A m\u00e9s, aquesta col\u00b7laboraci\u00f3 entre la Universitat i l'Ajuntament contribueix a l'ecosistema emprenedor de Castell\u00f3 com a eina de transformaci\u00f3 responsable i sostenible\u00bb. A m\u00e9s, Alc\u00f3n ha expressat la seua confian\u00e7a que \u00abaquest tipus de convocat\u00f2ries servisquen d'est\u00edmul perqu\u00e8 l'estudiantat continue cultivant compet\u00e8ncies transversals, com la innovaci\u00f3, la creativitat i l'emprenedoria\u00bb.<\/p>\n\n\n\n<h3>Un jurat multidisciplinari <\/h3>\n\n\n\n<figure class=\"wp-block-image size-large\"><img loading=\"lazy\" width=\"1024\" height=\"683\" src=\"https:\/\/agendaurbana.castello.es\/wp-content\/uploads\/2022\/04\/2022-03-31-012-1-1024x683.jpg\" alt=\"\" class=\"wp-image-599\" srcset=\"https:\/\/agendaurbanacastello.es\/wp-content\/uploads\/2022\/04\/2022-03-31-012-1-1024x683.jpg 1024w, https:\/\/agendaurbanacastello.es\/wp-content\/uploads\/2022\/04\/2022-03-31-012-1-300x200.jpg 300w, https:\/\/agendaurbanacastello.es\/wp-content\/uploads\/2022\/04\/2022-03-31-012-1-768x512.jpg 768w, https:\/\/agendaurbanacastello.es\/wp-content\/uploads\/2022\/04\/2022-03-31-012-1-1536x1024.jpg 1536w, https:\/\/agendaurbanacastello.es\/wp-content\/uploads\/2022\/04\/2022-03-31-012-1-2048x1365.jpg 2048w, https:\/\/agendaurbanacastello.es\/wp-content\/uploads\/2022\/04\/2022-03-31-012-1-18x12.jpg 18w, https:\/\/agendaurbanacastello.es\/wp-content\/uploads\/2022\/04\/2022-03-31-012-1-365x243.jpg 365w\" sizes=\"(max-width: 1024px) 100vw, 1024px\" \/><figcaption>El comit\u00e9 de selecci\u00f3 ha estat format per l'Ajuntament de Castell\u00f3 i l'UJI<\/figcaption><\/figure>\n\n\n\n<p>Els Premis al Talent Emprenedor de l'Estudiantat UJI han sigut convocats per la Universitat Jaume I, a trav\u00e9s del Vicerectorat d'Estudiantat i Comprom\u00eds Social i de la C\u00e0tedra INCREA d'Innovaci\u00f3, Creativitat i Aprenentatge, amb el patrocini de l'Ajuntament de Castell\u00f3, per a recon\u00e9ixer les millors iniciatives emprenedores i traject\u00f2ries empresarials de triple impacte de l'estudiantat i titulats i titulades recents de l'UJI i potenciar aix\u00ed l'esperit emprenedor en l'\u00e0mbit universitari.<\/p>\n\n\n\n<p>El comit\u00e9 de selecci\u00f3 ha estat format per David Cabedo, vicerector Adjunt de Transfer\u00e8ncia i Innovaci\u00f3; Patr\u00edcia Porta, regidora delegada d'Ocupaci\u00f3; Remedios Pav\u00f3n, cap de negociat d'Ag\u00e8ncia de Desenvolupament Local; Mar\u00eda Ripoll\u00e9s, directora de la C\u00e0tedra INCREA d'Innovaci\u00f3, Creativitat i Aprenentatge, i Jordi Torner, t\u00e8cnic de l'\u00e0rea de Dinamitzaci\u00f3 de l'Estudiantat i Suport a Associacions, com a secretari.<\/p>\n\n\n\n<h3><a href=\"https:\/\/www.uji.es\/\/com\/fotonoticies\/arxiu\/2022\/03\/premis-al-talent-emprenedor-estudiantat-uji-2022\/\" target=\"_blank\" rel=\"noreferrer noopener\" title=\"Accedeix a totes les fotos de l&#039;acte\">Accedeix a totes les fotos de l'acte<\/a> <\/h3>\n\n\n\n<p><\/p>","protected":false},"excerpt":{"rendered":"<p>El Ayuntamiento de Castell\u00f3 de la Plana y la Universitat Jaume I han entregado los galardones de la primera edici\u00f3n de los Premios al Talento Emprendedor del Estudiantado UJI. Dotados con un importe total de 125.000 euros est\u00e1n financiados por los Fondos Next Generation de la Uni\u00f3n Europea a trav\u00e9s del Plan de Recuperaci\u00f3n, Transformaci\u00f3n y Resiliencia, para la elaboraci\u00f3n de la Agenda Urbana Castell\u00f3 2030.<\/p>","protected":false},"author":2,"featured_media":573,"comment_status":"closed","ping_status":"closed","sticky":false,"template":"","format":"standard","meta":{"_monsterinsights_skip_tracking":false,"_monsterinsights_sitenote_active":false,"_monsterinsights_sitenote_note":"","_monsterinsights_sitenote_category":0},"categories":[1],"tags":[45,41],"acf":[],"_links":{"self":[{"href":"https:\/\/agendaurbanacastello.es\/va\/wp-json\/wp\/v2\/posts\/571"}],"collection":[{"href":"https:\/\/agendaurbanacastello.es\/va\/wp-json\/wp\/v2\/posts"}],"about":[{"href":"https:\/\/agendaurbanacastello.es\/va\/wp-json\/wp\/v2\/types\/post"}],"author":[{"embeddable":true,"href":"https:\/\/agendaurbanacastello.es\/va\/wp-json\/wp\/v2\/users\/2"}],"replies":[{"embeddable":true,"href":"https:\/\/agendaurbanacastello.es\/va\/wp-json\/wp\/v2\/comments?post=571"}],"version-history":[{"count":11,"href":"https:\/\/agendaurbanacastello.es\/va\/wp-json\/wp\/v2\/posts\/571\/revisions"}],"predecessor-version":[{"id":608,"href":"https:\/\/agendaurbanacastello.es\/va\/wp-json\/wp\/v2\/posts\/571\/revisions\/608"}],"wp:featuredmedia":[{"embeddable":true,"href":"https:\/\/agendaurbanacastello.es\/va\/wp-json\/wp\/v2\/media\/573"}],"wp:attachment":[{"href":"https:\/\/agendaurbanacastello.es\/va\/wp-json\/wp\/v2\/media?parent=571"}],"wp:term":[{"taxonomy":"category","embeddable":true,"href":"https:\/\/agendaurbanacastello.es\/va\/wp-json\/wp\/v2\/categories?post=571"},{"taxonomy":"post_tag","embeddable":true,"href":"https:\/\/agendaurbanacastello.es\/va\/wp-json\/wp\/v2\/tags?post=571"}],"curies":[{"name":"wp","href":"https:\/\/api.w.org\/{rel}","templated":true}]}}